{"id":2067,"date":"2019-06-07T12:15:23","date_gmt":"2019-06-07T10:15:23","guid":{"rendered":"http:\/\/agora.xtec.cat\/escoladetermens\/?p=2067"},"modified":"2019-06-08T08:26:48","modified_gmt":"2019-06-08T06:26:48","slug":"un-conte-sensorialles-quatre-estacions","status":"publish","type":"post","link":"https:\/\/agora.xtec.cat\/escoladetermens\/portada\/un-conte-sensorialles-quatre-estacions\/","title":{"rendered":"UN CONTE SENSORIAL:&#8221;LES QUATRE ESTACIONS&#8221;"},"content":{"rendered":"<p>Els alumnes de 5\u00e8 han creat un CONTE SENSORIAL titulat LES QUATRE ESTACIONS. Aquest conte formar\u00e0 part de la biblioteca de l&#8217;escola, el podr\u00e0 utilitzar el Sim\u00f3 a l&#8217;activitat de l&#8217;apadrinament lector. \u00c9s una tasca inclosa dins del Projecte &#8220;Tot \u00e9s possible&#8221; des del qual els alumnes han treballat el respecte per les persones amb discapacitats, especialment les discapacitats visuals. El Sim\u00f3 podr\u00e0 tocar les diferents textures que hi ha a les p\u00e0gines del conte.<\/p>\n<p><a href=\"https:\/\/photos.app.goo.gl\/Zn4UoSeCiWHgeuQLA\"><img loading=\"lazy\" decoding=\"async\" class=\"alignnone size-full wp-image-2068\" src=\"https:\/\/agora.xtec.cat\/escoladetermens\/wp-content\/uploads\/usu1845\/2019\/06\/C\u00f2pia-de-tutoria-entre-iguals.jpg\" alt=\"\" width=\"559\" height=\"397\" srcset=\"https:\/\/agora.xtec.cat\/escoladetermens\/wp-content\/uploads\/usu1845\/2019\/06\/C\u00f2pia-de-tutoria-entre-iguals.jpg 559w, https:\/\/agora.xtec.cat\/escoladetermens\/wp-content\/uploads\/usu1845\/2019\/06\/C\u00f2pia-de-tutoria-entre-iguals-300x213.jpg 300w\" sizes=\"auto, (max-width: 559px) 100vw, 559px\" \/><\/a><\/p>\n<p>&nbsp;<\/p>\n","protected":false},"excerpt":{"rendered":"<p>Els alumnes de 5\u00e8 han creat un CONTE SENSORIAL titulat LES QUATRE ESTACIONS. Aquest conte formar\u00e0 part de la biblioteca de l&#8217;escola, el podr\u00e0 utilitzar el Sim\u00f3 a l&#8217;activitat de l&#8217;apadrinament lector. \u00c9s una tasca inclosa dins del Projecte &#8220;Tot \u00e9s possible&#8221; des del qual&hellip;  <a href=\"https:\/\/agora.xtec.cat\/escoladetermens\/portada\/un-conte-sensorialles-quatre-estacions\/\" title=\"Read UN CONTE SENSORIAL:&#8221;LES QUATRE ESTACIONS&#8221;\">Llegeix m\u00e9s\u00bb<\/a><\/p>\n","protected":false},"author":1,"featured_media":0,"comment_status":"open","ping_status":"closed","sticky":false,"template":"","format":"standard","meta":{"_bbp_topic_count":0,"_bbp_reply_count":0,"_bbp_total_topic_count":0,"_bbp_total_reply_count":0,"_bbp_voice_count":0,"_bbp_anonymous_reply_count":0,"_bbp_topic_count_hidden":0,"_bbp_reply_count_hidden":0,"_bbp_forum_subforum_count":0,"footnotes":""},"categories":[14,4,5],"tags":[166],"class_list":["post-2067","post","type-post","status-publish","format-standard","hentry","category-5e","category-portada","category-primaria","tag-inclusio"],"post_mailing_queue_ids":[],"_links":{"self":[{"href":"https:\/\/agora.xtec.cat\/escoladetermens\/wp-json\/wp\/v2\/posts\/2067","targetHints":{"allow":["GET"]}}],"collection":[{"href":"https:\/\/agora.xtec.cat\/escoladetermens\/wp-json\/wp\/v2\/posts"}],"about":[{"href":"https:\/\/agora.xtec.cat\/escoladetermens\/wp-json\/wp\/v2\/types\/post"}],"author":[{"embeddable":true,"href":"https:\/\/agora.xtec.cat\/escoladetermens\/wp-json\/wp\/v2\/users\/1"}],"replies":[{"embeddable":true,"href":"https:\/\/agora.xtec.cat\/escoladetermens\/wp-json\/wp\/v2\/comments?post=2067"}],"version-history":[{"count":2,"href":"https:\/\/agora.xtec.cat\/escoladetermens\/wp-json\/wp\/v2\/posts\/2067\/revisions"}],"predecessor-version":[{"id":2078,"href":"https:\/\/agora.xtec.cat\/escoladetermens\/wp-json\/wp\/v2\/posts\/2067\/revisions\/2078"}],"wp:attachment":[{"href":"https:\/\/agora.xtec.cat\/escoladetermens\/wp-json\/wp\/v2\/media?parent=2067"}],"wp:term":[{"taxonomy":"category","embeddable":true,"href":"https:\/\/agora.xtec.cat\/escoladetermens\/wp-json\/wp\/v2\/categories?post=2067"},{"taxonomy":"post_tag","embeddable":true,"href":"https:\/\/agora.xtec.cat\/escoladetermens\/wp-json\/wp\/v2\/tags?post=2067"}],"curies":[{"name":"wp","href":"https:\/\/api.w.org\/{rel}","templated":true}]}}