{"id":2035,"date":"2019-05-31T16:06:55","date_gmt":"2019-05-31T14:06:55","guid":{"rendered":"http:\/\/agora.xtec.cat\/escoladetermens\/?p=2035"},"modified":"2019-05-31T16:07:23","modified_gmt":"2019-05-31T14:07:23","slug":"ultim-apadrinament","status":"publish","type":"post","link":"https:\/\/agora.xtec.cat\/escoladetermens\/infantil\/ultim-apadrinament\/","title":{"rendered":"\u00daLTIM APADRINAMENT"},"content":{"rendered":"<p>Aquest dijous es va fer l&#8217;\u00faltim apadrinament lector del curs. Ens acomiadem amb un \u00faltim conte i un dibuix.<\/p>\n<p><a href=\"https:\/\/photos.app.goo.gl\/wwEHUzQEuF2o6mDFA\"><img loading=\"lazy\" decoding=\"async\" class=\"alignnone size-full wp-image-2036\" src=\"https:\/\/agora.xtec.cat\/escoladetermens\/wp-content\/uploads\/usu1845\/2019\/05\/gust-per-la-lectura.jpg\" alt=\"\" width=\"940\" height=\"788\" srcset=\"https:\/\/agora.xtec.cat\/escoladetermens\/wp-content\/uploads\/usu1845\/2019\/05\/gust-per-la-lectura.jpg 940w, https:\/\/agora.xtec.cat\/escoladetermens\/wp-content\/uploads\/usu1845\/2019\/05\/gust-per-la-lectura-300x250.jpg 300w, https:\/\/agora.xtec.cat\/escoladetermens\/wp-content\/uploads\/usu1845\/2019\/05\/gust-per-la-lectura-768x644.jpg 768w\" sizes=\"auto, (max-width: 940px) 100vw, 940px\" \/><\/a><\/p>\n","protected":false},"excerpt":{"rendered":"<p>Aquest dijous es va fer l&#8217;\u00faltim apadrinament lector del curs. Ens acomiadem amb un \u00faltim conte i un dibuix.<br \/>\n<a href=\"https:\/\/photos.app.goo.gl\/wwEHUzQEuF2o6mDFA\"><\/a><\/p>\n","protected":false},"author":1,"featured_media":0,"comment_status":"open","ping_status":"closed","sticky":false,"template":"","format":"standard","meta":{"_bbp_topic_count":0,"_bbp_reply_count":0,"_bbp_total_topic_count":0,"_bbp_total_reply_count":0,"_bbp_voice_count":0,"_bbp_anonymous_reply_count":0,"_bbp_topic_count_hidden":0,"_bbp_reply_count_hidden":0,"_bbp_forum_subforum_count":0,"footnotes":""},"categories":[10,11,12,14,15,3,9,2,4,5],"tags":[132],"class_list":["post-2035","post","type-post","status-publish","format-standard","hentry","category-2n","category-3r","category-4t","category-5e","category-6e","category-i3-i4","category-i5","category-infantil","category-portada","category-primaria","tag-gust-per-la-lectura"],"post_mailing_queue_ids":[],"_links":{"self":[{"href":"https:\/\/agora.xtec.cat\/escoladetermens\/wp-json\/wp\/v2\/posts\/2035","targetHints":{"allow":["GET"]}}],"collection":[{"href":"https:\/\/agora.xtec.cat\/escoladetermens\/wp-json\/wp\/v2\/posts"}],"about":[{"href":"https:\/\/agora.xtec.cat\/escoladetermens\/wp-json\/wp\/v2\/types\/post"}],"author":[{"embeddable":true,"href":"https:\/\/agora.xtec.cat\/escoladetermens\/wp-json\/wp\/v2\/users\/1"}],"replies":[{"embeddable":true,"href":"https:\/\/agora.xtec.cat\/escoladetermens\/wp-json\/wp\/v2\/comments?post=2035"}],"version-history":[{"count":2,"href":"https:\/\/agora.xtec.cat\/escoladetermens\/wp-json\/wp\/v2\/posts\/2035\/revisions"}],"predecessor-version":[{"id":2038,"href":"https:\/\/agora.xtec.cat\/escoladetermens\/wp-json\/wp\/v2\/posts\/2035\/revisions\/2038"}],"wp:attachment":[{"href":"https:\/\/agora.xtec.cat\/escoladetermens\/wp-json\/wp\/v2\/media?parent=2035"}],"wp:term":[{"taxonomy":"category","embeddable":true,"href":"https:\/\/agora.xtec.cat\/escoladetermens\/wp-json\/wp\/v2\/categories?post=2035"},{"taxonomy":"post_tag","embeddable":true,"href":"https:\/\/agora.xtec.cat\/escoladetermens\/wp-json\/wp\/v2\/tags?post=2035"}],"curies":[{"name":"wp","href":"https:\/\/api.w.org\/{rel}","templated":true}]}}