{"id":1874,"date":"2019-05-06T10:43:41","date_gmt":"2019-05-06T08:43:41","guid":{"rendered":"http:\/\/agora.xtec.cat\/escoladetermens\/?p=1874"},"modified":"2019-05-06T10:43:41","modified_gmt":"2019-05-06T08:43:41","slug":"aula-hospitalaria","status":"publish","type":"post","link":"https:\/\/agora.xtec.cat\/escoladetermens\/infantil\/aula-hospitalaria\/","title":{"rendered":"AULA HOSPITAL\u00c0RIA"},"content":{"rendered":"<p>Des de l&#8217;Aula Hospital\u00e0ria de l&#8217;Arnau de Vilanova de Lleida ens han agra\u00eft la participaci\u00f3 en l&#8217;activitat &#8220;fer una activitat per mi&#8221;.<\/p>\n<p>Podem veure el recull de totes les escoles que han participat en l&#8217;enlla\u00e7 de la seg\u00fcent imatge.<\/p>\n<p><a href=\"https:\/\/aulahospitalariadrantonicambrodi15.blogspot.com\/\"><img loading=\"lazy\" decoding=\"async\" class=\"alignnone size-large wp-image-1876\" src=\"https:\/\/agora.xtec.cat\/escoladetermens\/wp-content\/uploads\/usu1845\/2019\/05\/t-1024x234.jpg\" alt=\"\" width=\"1024\" height=\"234\" srcset=\"https:\/\/agora.xtec.cat\/escoladetermens\/wp-content\/uploads\/usu1845\/2019\/05\/t-1024x234.jpg 1024w, https:\/\/agora.xtec.cat\/escoladetermens\/wp-content\/uploads\/usu1845\/2019\/05\/t-300x69.jpg 300w, https:\/\/agora.xtec.cat\/escoladetermens\/wp-content\/uploads\/usu1845\/2019\/05\/t-768x176.jpg 768w, https:\/\/agora.xtec.cat\/escoladetermens\/wp-content\/uploads\/usu1845\/2019\/05\/t.jpg 1155w\" sizes=\"auto, (max-width: 1024px) 100vw, 1024px\" \/><\/a><\/p>\n","protected":false},"excerpt":{"rendered":"<p>Des de l&#8217;Aula Hospital\u00e0ria de l&#8217;Arnau de Vilanova de Lleida ens han agra\u00eft la participaci\u00f3 en l&#8217;activitat &#8220;fer una activitat per mi&#8221;.<br \/>\nPodem veure el recull de totes les escoles que han participat en l&#8217;enlla\u00e7 de la seg\u00fcent imatge.<br \/>\n<a href=\"https:\/\/aulahospitalariadrantonicambrodi15.blogspot.com\/\"><\/a><\/p>\n","protected":false},"author":1,"featured_media":0,"comment_status":"open","ping_status":"closed","sticky":false,"template":"","format":"standard","meta":{"_bbp_topic_count":0,"_bbp_reply_count":0,"_bbp_total_topic_count":0,"_bbp_total_reply_count":0,"_bbp_voice_count":0,"_bbp_anonymous_reply_count":0,"_bbp_topic_count_hidden":0,"_bbp_reply_count_hidden":0,"_bbp_forum_subforum_count":0,"footnotes":""},"categories":[10,11,12,14,15,83,3,9,2,4,5],"tags":[60,240],"class_list":["post-1874","post","type-post","status-publish","format-standard","hentry","category-2n","category-3r","category-4t","category-5e","category-6e","category-ed-fisica","category-i3-i4","category-i5","category-infantil","category-portada","category-primaria","tag-ed-fisica","tag-ed-valors"],"post_mailing_queue_ids":[],"_links":{"self":[{"href":"https:\/\/agora.xtec.cat\/escoladetermens\/wp-json\/wp\/v2\/posts\/1874","targetHints":{"allow":["GET"]}}],"collection":[{"href":"https:\/\/agora.xtec.cat\/escoladetermens\/wp-json\/wp\/v2\/posts"}],"about":[{"href":"https:\/\/agora.xtec.cat\/escoladetermens\/wp-json\/wp\/v2\/types\/post"}],"author":[{"embeddable":true,"href":"https:\/\/agora.xtec.cat\/escoladetermens\/wp-json\/wp\/v2\/users\/1"}],"replies":[{"embeddable":true,"href":"https:\/\/agora.xtec.cat\/escoladetermens\/wp-json\/wp\/v2\/comments?post=1874"}],"version-history":[{"count":2,"href":"https:\/\/agora.xtec.cat\/escoladetermens\/wp-json\/wp\/v2\/posts\/1874\/revisions"}],"predecessor-version":[{"id":1877,"href":"https:\/\/agora.xtec.cat\/escoladetermens\/wp-json\/wp\/v2\/posts\/1874\/revisions\/1877"}],"wp:attachment":[{"href":"https:\/\/agora.xtec.cat\/escoladetermens\/wp-json\/wp\/v2\/media?parent=1874"}],"wp:term":[{"taxonomy":"category","embeddable":true,"href":"https:\/\/agora.xtec.cat\/escoladetermens\/wp-json\/wp\/v2\/categories?post=1874"},{"taxonomy":"post_tag","embeddable":true,"href":"https:\/\/agora.xtec.cat\/escoladetermens\/wp-json\/wp\/v2\/tags?post=1874"}],"curies":[{"name":"wp","href":"https:\/\/api.w.org\/{rel}","templated":true}]}}