{"id":1865,"date":"2019-05-03T15:12:59","date_gmt":"2019-05-03T13:12:59","guid":{"rendered":"http:\/\/agora.xtec.cat\/escoladetermens\/?p=1865"},"modified":"2019-05-03T15:12:59","modified_gmt":"2019-05-03T13:12:59","slug":"taller-de-musica","status":"publish","type":"post","link":"https:\/\/agora.xtec.cat\/escoladetermens\/portada\/taller-de-musica\/","title":{"rendered":"TALLER DE M\u00daSICA"},"content":{"rendered":"<p>La nostra estimada M\u00aa \u00c0ngels Monpeceres ens ha vingut a fer un taller de m\u00fasica als alumnes de prim\u00e0ria. Moltes gr\u00e0cies!<\/p>\n<p><a href=\"https:\/\/agora.xtec.cat\/escoladetermens\/wp-content\/uploads\/usu1845\/2019\/05\/DSC07205-COLLAGE.jpg\"><img loading=\"lazy\" decoding=\"async\" class=\"alignnone size-full wp-image-1866\" src=\"https:\/\/agora.xtec.cat\/escoladetermens\/wp-content\/uploads\/usu1845\/2019\/05\/DSC07205-COLLAGE.jpg\" alt=\"\" width=\"966\" height=\"966\" srcset=\"https:\/\/agora.xtec.cat\/escoladetermens\/wp-content\/uploads\/usu1845\/2019\/05\/DSC07205-COLLAGE.jpg 966w, https:\/\/agora.xtec.cat\/escoladetermens\/wp-content\/uploads\/usu1845\/2019\/05\/DSC07205-COLLAGE-150x150.jpg 150w, https:\/\/agora.xtec.cat\/escoladetermens\/wp-content\/uploads\/usu1845\/2019\/05\/DSC07205-COLLAGE-300x300.jpg 300w, https:\/\/agora.xtec.cat\/escoladetermens\/wp-content\/uploads\/usu1845\/2019\/05\/DSC07205-COLLAGE-768x768.jpg 768w\" sizes=\"auto, (max-width: 966px) 100vw, 966px\" \/><\/a><\/p>\n","protected":false},"excerpt":{"rendered":"<p>La nostra estimada M\u00aa \u00c0ngels Monpeceres ens ha vingut a fer un taller de m\u00fasica als alumnes de prim\u00e0ria. Moltes gr\u00e0cies!<br \/>\n<a href=\"https:\/\/agora.xtec.cat\/escoladetermens\/wp-content\/uploads\/usu1845\/2019\/05\/DSC07205-COLLAGE.jpg\"><\/a><\/p>\n","protected":false},"author":1,"featured_media":0,"comment_status":"open","ping_status":"closed","sticky":false,"template":"","format":"standard","meta":{"_bbp_topic_count":0,"_bbp_reply_count":0,"_bbp_total_topic_count":0,"_bbp_total_reply_count":0,"_bbp_voice_count":0,"_bbp_anonymous_reply_count":0,"_bbp_topic_count_hidden":0,"_bbp_reply_count_hidden":0,"_bbp_forum_subforum_count":0,"footnotes":""},"categories":[10,11,12,14,15,93,4,5],"tags":[138],"class_list":["post-1865","post","type-post","status-publish","format-standard","hentry","category-2n","category-3r","category-4t","category-5e","category-6e","category-musica","category-portada","category-primaria","tag-musica"],"post_mailing_queue_ids":[],"_links":{"self":[{"href":"https:\/\/agora.xtec.cat\/escoladetermens\/wp-json\/wp\/v2\/posts\/1865","targetHints":{"allow":["GET"]}}],"collection":[{"href":"https:\/\/agora.xtec.cat\/escoladetermens\/wp-json\/wp\/v2\/posts"}],"about":[{"href":"https:\/\/agora.xtec.cat\/escoladetermens\/wp-json\/wp\/v2\/types\/post"}],"author":[{"embeddable":true,"href":"https:\/\/agora.xtec.cat\/escoladetermens\/wp-json\/wp\/v2\/users\/1"}],"replies":[{"embeddable":true,"href":"https:\/\/agora.xtec.cat\/escoladetermens\/wp-json\/wp\/v2\/comments?post=1865"}],"version-history":[{"count":1,"href":"https:\/\/agora.xtec.cat\/escoladetermens\/wp-json\/wp\/v2\/posts\/1865\/revisions"}],"predecessor-version":[{"id":1867,"href":"https:\/\/agora.xtec.cat\/escoladetermens\/wp-json\/wp\/v2\/posts\/1865\/revisions\/1867"}],"wp:attachment":[{"href":"https:\/\/agora.xtec.cat\/escoladetermens\/wp-json\/wp\/v2\/media?parent=1865"}],"wp:term":[{"taxonomy":"category","embeddable":true,"href":"https:\/\/agora.xtec.cat\/escoladetermens\/wp-json\/wp\/v2\/categories?post=1865"},{"taxonomy":"post_tag","embeddable":true,"href":"https:\/\/agora.xtec.cat\/escoladetermens\/wp-json\/wp\/v2\/tags?post=1865"}],"curies":[{"name":"wp","href":"https:\/\/api.w.org\/{rel}","templated":true}]}}