{"id":1806,"date":"2019-04-12T15:24:20","date_gmt":"2019-04-12T13:24:20","guid":{"rendered":"http:\/\/agora.xtec.cat\/escoladetermens\/?p=1806"},"modified":"2019-04-12T15:24:20","modified_gmt":"2019-04-12T13:24:20","slug":"recomanacions-literaries","status":"publish","type":"post","link":"https:\/\/agora.xtec.cat\/escoladetermens\/infantil\/recomanacions-literaries\/","title":{"rendered":"RECOMANACIONS LITER\u00c0RIES"},"content":{"rendered":"<div id=\":27m\" class=\"a3s aXjCH \">\n<div dir=\"ltr\">S\u2019apropa Sant Jordi i un any m\u00e9s, des de la Comissi\u00f3 de Biblioteca, us proposem una selecci\u00f3 de llibres per gaudir al m\u00e0xim de la lectura.<\/p>\n<div>\u00a0<a href=\"https:\/\/agora.xtec.cat\/escoladetermens\/wp-content\/uploads\/usu1845\/2019\/04\/recomanacions1.png\"><img loading=\"lazy\" decoding=\"async\" class=\"alignnone size-large wp-image-1808\" src=\"https:\/\/agora.xtec.cat\/escoladetermens\/wp-content\/uploads\/usu1845\/2019\/04\/recomanacions1.png\" alt=\"\" width=\"789\" height=\"597\" srcset=\"https:\/\/agora.xtec.cat\/escoladetermens\/wp-content\/uploads\/usu1845\/2019\/04\/recomanacions1.png 789w, https:\/\/agora.xtec.cat\/escoladetermens\/wp-content\/uploads\/usu1845\/2019\/04\/recomanacions1-300x227.png 300w, https:\/\/agora.xtec.cat\/escoladetermens\/wp-content\/uploads\/usu1845\/2019\/04\/recomanacions1-768x581.png 768w, https:\/\/agora.xtec.cat\/escoladetermens\/wp-content\/uploads\/usu1845\/2019\/04\/recomanacions1-200x150.png 200w\" sizes=\"auto, (max-width: 789px) 100vw, 789px\" \/><\/a><\/div>\n<div><a href=\"https:\/\/agora.xtec.cat\/escoladetermens\/wp-content\/uploads\/usu1845\/2019\/04\/recomanacions-2.png\"><img loading=\"lazy\" decoding=\"async\" class=\"alignnone size-full wp-image-1807\" src=\"https:\/\/agora.xtec.cat\/escoladetermens\/wp-content\/uploads\/usu1845\/2019\/04\/recomanacions-2.png\" alt=\"\" width=\"761\" height=\"590\" srcset=\"https:\/\/agora.xtec.cat\/escoladetermens\/wp-content\/uploads\/usu1845\/2019\/04\/recomanacions-2.png 761w, https:\/\/agora.xtec.cat\/escoladetermens\/wp-content\/uploads\/usu1845\/2019\/04\/recomanacions-2-300x233.png 300w\" sizes=\"auto, (max-width: 761px) 100vw, 761px\" \/><\/a><\/div>\n<\/div>\n<\/div>\n","protected":false},"excerpt":{"rendered":"<p>S\u2019apropa Sant Jordi i un any m\u00e9s, des de la Comissi\u00f3 de Biblioteca, us proposem una selecci\u00f3 de llibres per gaudir al m\u00e0xim de la lectura.<br \/>\n\u00a0<a href=\"https:\/\/agora.xtec.cat\/escoladetermens\/wp-content\/uploads\/usu1845\/2019\/04\/recomanacions1.png\"><\/a><br \/>\n<a href=\"https:\/\/agora.xtec.cat\/escoladetermens\/wp-content\/uploads\/usu1845\/2019\/04\/recomanacions-2.png\"><\/a><\/p>\n","protected":false},"author":1,"featured_media":0,"comment_status":"open","ping_status":"closed","sticky":false,"template":"","format":"standard","meta":{"_bbp_topic_count":0,"_bbp_reply_count":0,"_bbp_total_topic_count":0,"_bbp_total_reply_count":0,"_bbp_voice_count":0,"_bbp_anonymous_reply_count":0,"_bbp_topic_count_hidden":0,"_bbp_reply_count_hidden":0,"_bbp_forum_subforum_count":0,"footnotes":""},"categories":[10,11,12,14,15,3,9,2,4,5],"tags":[132],"class_list":["post-1806","post","type-post","status-publish","format-standard","hentry","category-2n","category-3r","category-4t","category-5e","category-6e","category-i3-i4","category-i5","category-infantil","category-portada","category-primaria","tag-gust-per-la-lectura"],"post_mailing_queue_ids":[],"_links":{"self":[{"href":"https:\/\/agora.xtec.cat\/escoladetermens\/wp-json\/wp\/v2\/posts\/1806","targetHints":{"allow":["GET"]}}],"collection":[{"href":"https:\/\/agora.xtec.cat\/escoladetermens\/wp-json\/wp\/v2\/posts"}],"about":[{"href":"https:\/\/agora.xtec.cat\/escoladetermens\/wp-json\/wp\/v2\/types\/post"}],"author":[{"embeddable":true,"href":"https:\/\/agora.xtec.cat\/escoladetermens\/wp-json\/wp\/v2\/users\/1"}],"replies":[{"embeddable":true,"href":"https:\/\/agora.xtec.cat\/escoladetermens\/wp-json\/wp\/v2\/comments?post=1806"}],"version-history":[{"count":1,"href":"https:\/\/agora.xtec.cat\/escoladetermens\/wp-json\/wp\/v2\/posts\/1806\/revisions"}],"predecessor-version":[{"id":1809,"href":"https:\/\/agora.xtec.cat\/escoladetermens\/wp-json\/wp\/v2\/posts\/1806\/revisions\/1809"}],"wp:attachment":[{"href":"https:\/\/agora.xtec.cat\/escoladetermens\/wp-json\/wp\/v2\/media?parent=1806"}],"wp:term":[{"taxonomy":"category","embeddable":true,"href":"https:\/\/agora.xtec.cat\/escoladetermens\/wp-json\/wp\/v2\/categories?post=1806"},{"taxonomy":"post_tag","embeddable":true,"href":"https:\/\/agora.xtec.cat\/escoladetermens\/wp-json\/wp\/v2\/tags?post=1806"}],"curies":[{"name":"wp","href":"https:\/\/api.w.org\/{rel}","templated":true}]}}