{"id":1784,"date":"2019-04-10T15:28:33","date_gmt":"2019-04-10T13:28:33","guid":{"rendered":"http:\/\/agora.xtec.cat\/escoladetermens\/?p=1784"},"modified":"2019-04-10T15:29:55","modified_gmt":"2019-04-10T13:29:55","slug":"dinamiques-a-psicomotricitat","status":"publish","type":"post","link":"https:\/\/agora.xtec.cat\/escoladetermens\/infantil\/dinamiques-a-psicomotricitat\/","title":{"rendered":"DIN\u00c0MIQUES A PSICOMOTRICITAT"},"content":{"rendered":"<div id=\":sv\" class=\"ii gt\">\n<div id=\":qe\" class=\"a3s aXjCH \">\n<div dir=\"auto\">L&#8217;expressi\u00f3 corporal amb els m\u00e9s petits ens apropa a con\u00e8ixer-nos una mica m\u00e9s i con\u00e8ixer millor als altres, la sensibilitat, la cura de l&#8217;altre, el respecte i les sensacions s\u00f3n alguns dels valors i aspectes que desenvolupem amb aquestes din\u00e0miques.<\/div>\n<div class=\"yj6qo\"><\/div>\n<div class=\"adL\"><\/div>\n<\/div>\n<\/div>\n<div id=\":wh\" class=\"hq gt\">\n<div class=\"hp\">\u00a0<a href=\"https:\/\/agora.xtec.cat\/escoladetermens\/wp-content\/uploads\/usu1845\/2019\/04\/Dise\u00f1o-sin-t\u00edtulo-1.jpg\"><img loading=\"lazy\" decoding=\"async\" class=\"alignnone size-full wp-image-1785\" src=\"https:\/\/agora.xtec.cat\/escoladetermens\/wp-content\/uploads\/usu1845\/2019\/04\/Dise\u00f1o-sin-t\u00edtulo-1.jpg\" alt=\"\" width=\"800\" height=\"800\" srcset=\"https:\/\/agora.xtec.cat\/escoladetermens\/wp-content\/uploads\/usu1845\/2019\/04\/Dise\u00f1o-sin-t\u00edtulo-1.jpg 800w, https:\/\/agora.xtec.cat\/escoladetermens\/wp-content\/uploads\/usu1845\/2019\/04\/Dise\u00f1o-sin-t\u00edtulo-1-150x150.jpg 150w, https:\/\/agora.xtec.cat\/escoladetermens\/wp-content\/uploads\/usu1845\/2019\/04\/Dise\u00f1o-sin-t\u00edtulo-1-300x300.jpg 300w, https:\/\/agora.xtec.cat\/escoladetermens\/wp-content\/uploads\/usu1845\/2019\/04\/Dise\u00f1o-sin-t\u00edtulo-1-768x768.jpg 768w\" sizes=\"auto, (max-width: 800px) 100vw, 800px\" \/><\/a><\/div>\n<\/div>\n","protected":false},"excerpt":{"rendered":"<p>L&#8217;expressi\u00f3 corporal amb els m\u00e9s petits ens apropa a con\u00e8ixer-nos una mica m\u00e9s i con\u00e8ixer millor als altres, la sensibilitat, la cura de l&#8217;altre, el respecte i les sensacions s\u00f3n alguns dels valors i aspectes que desenvolupem amb aquestes din\u00e0miques.<\/p>\n<p>\u00a0<a href=\"https:\/\/agora.xtec.cat\/escoladetermens\/wp-content\/uploads\/usu1845\/2019\/04\/Dise\u00f1o-sin-t\u00edtulo-1.jpg\"><\/a><\/p>\n","protected":false},"author":1,"featured_media":0,"comment_status":"open","ping_status":"closed","sticky":false,"template":"","format":"standard","meta":{"_bbp_topic_count":0,"_bbp_reply_count":0,"_bbp_total_topic_count":0,"_bbp_total_reply_count":0,"_bbp_voice_count":0,"_bbp_anonymous_reply_count":0,"_bbp_topic_count_hidden":0,"_bbp_reply_count_hidden":0,"_bbp_forum_subforum_count":0,"footnotes":""},"categories":[83,9,2,4],"tags":[60],"class_list":["post-1784","post","type-post","status-publish","format-standard","hentry","category-ed-fisica","category-i5","category-infantil","category-portada","tag-ed-fisica"],"post_mailing_queue_ids":[],"_links":{"self":[{"href":"https:\/\/agora.xtec.cat\/escoladetermens\/wp-json\/wp\/v2\/posts\/1784","targetHints":{"allow":["GET"]}}],"collection":[{"href":"https:\/\/agora.xtec.cat\/escoladetermens\/wp-json\/wp\/v2\/posts"}],"about":[{"href":"https:\/\/agora.xtec.cat\/escoladetermens\/wp-json\/wp\/v2\/types\/post"}],"author":[{"embeddable":true,"href":"https:\/\/agora.xtec.cat\/escoladetermens\/wp-json\/wp\/v2\/users\/1"}],"replies":[{"embeddable":true,"href":"https:\/\/agora.xtec.cat\/escoladetermens\/wp-json\/wp\/v2\/comments?post=1784"}],"version-history":[{"count":2,"href":"https:\/\/agora.xtec.cat\/escoladetermens\/wp-json\/wp\/v2\/posts\/1784\/revisions"}],"predecessor-version":[{"id":1787,"href":"https:\/\/agora.xtec.cat\/escoladetermens\/wp-json\/wp\/v2\/posts\/1784\/revisions\/1787"}],"wp:attachment":[{"href":"https:\/\/agora.xtec.cat\/escoladetermens\/wp-json\/wp\/v2\/media?parent=1784"}],"wp:term":[{"taxonomy":"category","embeddable":true,"href":"https:\/\/agora.xtec.cat\/escoladetermens\/wp-json\/wp\/v2\/categories?post=1784"},{"taxonomy":"post_tag","embeddable":true,"href":"https:\/\/agora.xtec.cat\/escoladetermens\/wp-json\/wp\/v2\/tags?post=1784"}],"curies":[{"name":"wp","href":"https:\/\/api.w.org\/{rel}","templated":true}]}}