{"id":1690,"date":"2019-03-25T13:40:23","date_gmt":"2019-03-25T12:40:23","guid":{"rendered":"http:\/\/agora.xtec.cat\/escoladetermens\/?p=1690"},"modified":"2019-03-25T13:44:21","modified_gmt":"2019-03-25T12:44:21","slug":"my-epal-etwinning","status":"publish","type":"post","link":"https:\/\/agora.xtec.cat\/escoladetermens\/portada\/my-epal-etwinning\/","title":{"rendered":"My ePal + eTwinning"},"content":{"rendered":"<p>Aquest \u00e9s un projecte europeu amb els alumnes de 6\u00e8 curs. Consisteix en l&#8217;intercanvi d&#8217;informaci\u00f3 personal entre Turkey, Poland, Estonia, Talavera la Nueva i T\u00e9rmens (Spain).<\/p>\n<p>Per saber m\u00e9s coses i veure els v\u00eddeos que hem preparat podeu visitar:<\/p>\n<p style=\"text-align: center\"><em>&#8220;Men\u00fa (Barra Superior Dreta)\/\/ Angl\u00e8s (Especialitats)\/\/\u00a0 \u00a0 \u00a0 \u00a0 \u00a0 \u00a0 \u00a0 \u00a0 \u00a0 \u00a0 \u00a0 \u00a0 \u00a0 \u00a0 \u00a0 \u00a0 \u00a0 \u00a0 \u00a0 \u00a0 \u00a0 \u00a0 \u00a0 \u00a0 \u00a0 \u00a0 \u00a0 \u00a0 \u00a0 \u00a0 \u00a0 \u00a0 \u00a0 \u00a0 \u00a0 \u00a0 \u00a0 \u00a0 MY EPAL&#8221;<\/em><\/p>\n<p><a href=\"https:\/\/agora.xtec.cat\/escoladetermens\/wp-content\/uploads\/usu1845\/2019\/03\/Cover-Blog.png\"><img loading=\"lazy\" decoding=\"async\" class=\"alignnone size-full wp-image-1691\" src=\"https:\/\/agora.xtec.cat\/escoladetermens\/wp-content\/uploads\/usu1845\/2019\/03\/Cover-Blog.png\" alt=\"\" width=\"723\" height=\"585\" srcset=\"https:\/\/agora.xtec.cat\/escoladetermens\/wp-content\/uploads\/usu1845\/2019\/03\/Cover-Blog.png 723w, https:\/\/agora.xtec.cat\/escoladetermens\/wp-content\/uploads\/usu1845\/2019\/03\/Cover-Blog-300x243.png 300w\" sizes=\"auto, (max-width: 723px) 100vw, 723px\" \/><\/a><\/p>\n","protected":false},"excerpt":{"rendered":"<p>Aquest \u00e9s un projecte europeu amb els alumnes de 6\u00e8 curs. Consisteix en l&#8217;intercanvi d&#8217;informaci\u00f3 personal entre Turkey, Poland, Estonia, Talavera la Nueva i T\u00e9rmens (Spain).<br \/>\nPer saber m\u00e9s coses i veure els v\u00eddeos que hem preparat podeu visitar:<br \/>\n&#8220;Men\u00fa (Barra Superior Dreta)\/\/ Angl\u00e8s (Especialitats)\/\/\u00a0 \u00a0 \u00a0&hellip;  <a href=\"https:\/\/agora.xtec.cat\/escoladetermens\/portada\/my-epal-etwinning\/\" title=\"Read My ePal + eTwinning\">Llegeix m\u00e9s\u00bb<\/a><\/p>\n","protected":false},"author":3,"featured_media":0,"comment_status":"open","ping_status":"closed","sticky":false,"template":"","format":"standard","meta":{"_bbp_topic_count":0,"_bbp_reply_count":0,"_bbp_total_topic_count":0,"_bbp_total_reply_count":0,"_bbp_voice_count":0,"_bbp_anonymous_reply_count":0,"_bbp_topic_count_hidden":0,"_bbp_reply_count_hidden":0,"_bbp_forum_subforum_count":0,"footnotes":""},"categories":[4],"tags":[],"class_list":["post-1690","post","type-post","status-publish","format-standard","hentry","category-portada"],"post_mailing_queue_ids":[],"_links":{"self":[{"href":"https:\/\/agora.xtec.cat\/escoladetermens\/wp-json\/wp\/v2\/posts\/1690","targetHints":{"allow":["GET"]}}],"collection":[{"href":"https:\/\/agora.xtec.cat\/escoladetermens\/wp-json\/wp\/v2\/posts"}],"about":[{"href":"https:\/\/agora.xtec.cat\/escoladetermens\/wp-json\/wp\/v2\/types\/post"}],"author":[{"embeddable":true,"href":"https:\/\/agora.xtec.cat\/escoladetermens\/wp-json\/wp\/v2\/users\/3"}],"replies":[{"embeddable":true,"href":"https:\/\/agora.xtec.cat\/escoladetermens\/wp-json\/wp\/v2\/comments?post=1690"}],"version-history":[{"count":2,"href":"https:\/\/agora.xtec.cat\/escoladetermens\/wp-json\/wp\/v2\/posts\/1690\/revisions"}],"predecessor-version":[{"id":1693,"href":"https:\/\/agora.xtec.cat\/escoladetermens\/wp-json\/wp\/v2\/posts\/1690\/revisions\/1693"}],"wp:attachment":[{"href":"https:\/\/agora.xtec.cat\/escoladetermens\/wp-json\/wp\/v2\/media?parent=1690"}],"wp:term":[{"taxonomy":"category","embeddable":true,"href":"https:\/\/agora.xtec.cat\/escoladetermens\/wp-json\/wp\/v2\/categories?post=1690"},{"taxonomy":"post_tag","embeddable":true,"href":"https:\/\/agora.xtec.cat\/escoladetermens\/wp-json\/wp\/v2\/tags?post=1690"}],"curies":[{"name":"wp","href":"https:\/\/api.w.org\/{rel}","templated":true}]}}