{"id":1683,"date":"2019-03-22T13:38:35","date_gmt":"2019-03-22T12:38:35","guid":{"rendered":"http:\/\/agora.xtec.cat\/escoladetermens\/?p=1683"},"modified":"2019-03-22T13:38:35","modified_gmt":"2019-03-22T12:38:35","slug":"menjar-tradicional","status":"publish","type":"post","link":"https:\/\/agora.xtec.cat\/escoladetermens\/portada\/menjar-tradicional\/","title":{"rendered":"MENJAR TRADICIONAL"},"content":{"rendered":"<p>Els alumnes de CI han llegit el poema &#8220;pa amb tom\u00e0quet&#8221; de Miquel Mart\u00ed i Pol i despr\u00e9s han fet i menjat pa amb tom\u00e0quet. Ells si que saben&#8230;<\/p>\n<p><a href=\"https:\/\/agora.xtec.cat\/escoladetermens\/wp-content\/uploads\/usu1845\/2019\/03\/Dise\u00f1o-sin-t\u00edtulo-1.jpg\"><img loading=\"lazy\" decoding=\"async\" class=\"alignnone size-full wp-image-1684\" src=\"https:\/\/agora.xtec.cat\/escoladetermens\/wp-content\/uploads\/usu1845\/2019\/03\/Dise\u00f1o-sin-t\u00edtulo-1.jpg\" alt=\"\" width=\"800\" height=\"800\" srcset=\"https:\/\/agora.xtec.cat\/escoladetermens\/wp-content\/uploads\/usu1845\/2019\/03\/Dise\u00f1o-sin-t\u00edtulo-1.jpg 800w, https:\/\/agora.xtec.cat\/escoladetermens\/wp-content\/uploads\/usu1845\/2019\/03\/Dise\u00f1o-sin-t\u00edtulo-1-150x150.jpg 150w, https:\/\/agora.xtec.cat\/escoladetermens\/wp-content\/uploads\/usu1845\/2019\/03\/Dise\u00f1o-sin-t\u00edtulo-1-300x300.jpg 300w, https:\/\/agora.xtec.cat\/escoladetermens\/wp-content\/uploads\/usu1845\/2019\/03\/Dise\u00f1o-sin-t\u00edtulo-1-768x768.jpg 768w\" sizes=\"auto, (max-width: 800px) 100vw, 800px\" \/><\/a><\/p>\n","protected":false},"excerpt":{"rendered":"<p>Els alumnes de CI han llegit el poema &#8220;pa amb tom\u00e0quet&#8221; de Miquel Mart\u00ed i Pol i despr\u00e9s han fet i menjat pa amb tom\u00e0quet. Ells si que saben&#8230;<br \/>\n<a href=\"https:\/\/agora.xtec.cat\/escoladetermens\/wp-content\/uploads\/usu1845\/2019\/03\/Dise\u00f1o-sin-t\u00edtulo-1.jpg\"><\/a><\/p>\n","protected":false},"author":1,"featured_media":0,"comment_status":"open","ping_status":"closed","sticky":false,"template":"","format":"standard","meta":{"_bbp_topic_count":0,"_bbp_reply_count":0,"_bbp_total_topic_count":0,"_bbp_total_reply_count":0,"_bbp_voice_count":0,"_bbp_anonymous_reply_count":0,"_bbp_topic_count_hidden":0,"_bbp_reply_count_hidden":0,"_bbp_forum_subforum_count":0,"footnotes":""},"categories":[10,11,4,5],"tags":[218],"class_list":["post-1683","post","type-post","status-publish","format-standard","hentry","category-2n","category-3r","category-portada","category-primaria","tag-projecte-interdisciplinari"],"post_mailing_queue_ids":[],"_links":{"self":[{"href":"https:\/\/agora.xtec.cat\/escoladetermens\/wp-json\/wp\/v2\/posts\/1683","targetHints":{"allow":["GET"]}}],"collection":[{"href":"https:\/\/agora.xtec.cat\/escoladetermens\/wp-json\/wp\/v2\/posts"}],"about":[{"href":"https:\/\/agora.xtec.cat\/escoladetermens\/wp-json\/wp\/v2\/types\/post"}],"author":[{"embeddable":true,"href":"https:\/\/agora.xtec.cat\/escoladetermens\/wp-json\/wp\/v2\/users\/1"}],"replies":[{"embeddable":true,"href":"https:\/\/agora.xtec.cat\/escoladetermens\/wp-json\/wp\/v2\/comments?post=1683"}],"version-history":[{"count":1,"href":"https:\/\/agora.xtec.cat\/escoladetermens\/wp-json\/wp\/v2\/posts\/1683\/revisions"}],"predecessor-version":[{"id":1685,"href":"https:\/\/agora.xtec.cat\/escoladetermens\/wp-json\/wp\/v2\/posts\/1683\/revisions\/1685"}],"wp:attachment":[{"href":"https:\/\/agora.xtec.cat\/escoladetermens\/wp-json\/wp\/v2\/media?parent=1683"}],"wp:term":[{"taxonomy":"category","embeddable":true,"href":"https:\/\/agora.xtec.cat\/escoladetermens\/wp-json\/wp\/v2\/categories?post=1683"},{"taxonomy":"post_tag","embeddable":true,"href":"https:\/\/agora.xtec.cat\/escoladetermens\/wp-json\/wp\/v2\/tags?post=1683"}],"curies":[{"name":"wp","href":"https:\/\/api.w.org\/{rel}","templated":true}]}}