{"id":1633,"date":"2019-03-15T13:33:05","date_gmt":"2019-03-15T12:33:05","guid":{"rendered":"http:\/\/agora.xtec.cat\/escoladetermens\/?p=1633"},"modified":"2019-03-15T13:33:05","modified_gmt":"2019-03-15T12:33:05","slug":"radio-15-de-marc","status":"publish","type":"post","link":"https:\/\/agora.xtec.cat\/escoladetermens\/infantil\/radio-15-de-marc\/","title":{"rendered":"R\u00c0DIO 15 DE MAR\u00c7"},"content":{"rendered":"<p>Avui hem tornat a fer el programa de r\u00e0dio! Els encarregats han sigut la Sara i el Marc de locutors i la Jana com a DJ. El Jan ha vingut com a voluntari a ajudar i com a col\u00b7laboradors han vingut nens\/es de segon.<\/p>\n<p>https:\/\/soundcloud.com\/escola-alfred-potrony-546125898\/15-3-19a\/s-OvBHg<\/p>\n","protected":false},"excerpt":{"rendered":"<p>Avui hem tornat a fer el programa de r\u00e0dio! Els encarregats han sigut la Sara i el Marc de locutors i la Jana com a DJ. El Jan ha vingut com a voluntari a ajudar i com a col\u00b7laboradors han vingut nens\/es de segon.<br \/>\nhttps:\/\/soundcloud.com\/escola-alfred-potrony-546125898\/15-3-19a\/s-OvBHg<\/p>\n","protected":false},"author":1,"featured_media":0,"comment_status":"open","ping_status":"closed","sticky":false,"template":"","format":"standard","meta":{"_bbp_topic_count":0,"_bbp_reply_count":0,"_bbp_total_topic_count":0,"_bbp_total_reply_count":0,"_bbp_voice_count":0,"_bbp_anonymous_reply_count":0,"_bbp_topic_count_hidden":0,"_bbp_reply_count_hidden":0,"_bbp_forum_subforum_count":0,"footnotes":""},"categories":[10,11,12,108,9,2,4,5],"tags":[133],"class_list":["post-1633","post","type-post","status-publish","format-standard","hentry","category-2n","category-3r","category-4t","category-aula-carles-capdevila","category-i5","category-infantil","category-portada","category-primaria","tag-radio-piruli"],"post_mailing_queue_ids":[],"_links":{"self":[{"href":"https:\/\/agora.xtec.cat\/escoladetermens\/wp-json\/wp\/v2\/posts\/1633","targetHints":{"allow":["GET"]}}],"collection":[{"href":"https:\/\/agora.xtec.cat\/escoladetermens\/wp-json\/wp\/v2\/posts"}],"about":[{"href":"https:\/\/agora.xtec.cat\/escoladetermens\/wp-json\/wp\/v2\/types\/post"}],"author":[{"embeddable":true,"href":"https:\/\/agora.xtec.cat\/escoladetermens\/wp-json\/wp\/v2\/users\/1"}],"replies":[{"embeddable":true,"href":"https:\/\/agora.xtec.cat\/escoladetermens\/wp-json\/wp\/v2\/comments?post=1633"}],"version-history":[{"count":1,"href":"https:\/\/agora.xtec.cat\/escoladetermens\/wp-json\/wp\/v2\/posts\/1633\/revisions"}],"predecessor-version":[{"id":1634,"href":"https:\/\/agora.xtec.cat\/escoladetermens\/wp-json\/wp\/v2\/posts\/1633\/revisions\/1634"}],"wp:attachment":[{"href":"https:\/\/agora.xtec.cat\/escoladetermens\/wp-json\/wp\/v2\/media?parent=1633"}],"wp:term":[{"taxonomy":"category","embeddable":true,"href":"https:\/\/agora.xtec.cat\/escoladetermens\/wp-json\/wp\/v2\/categories?post=1633"},{"taxonomy":"post_tag","embeddable":true,"href":"https:\/\/agora.xtec.cat\/escoladetermens\/wp-json\/wp\/v2\/tags?post=1633"}],"curies":[{"name":"wp","href":"https:\/\/api.w.org\/{rel}","templated":true}]}}