{"id":1560,"date":"2019-03-05T14:35:25","date_gmt":"2019-03-05T13:35:25","guid":{"rendered":"http:\/\/agora.xtec.cat\/escoladetermens\/?p=1560"},"modified":"2019-03-05T14:35:25","modified_gmt":"2019-03-05T13:35:25","slug":"escoltam","status":"publish","type":"post","link":"https:\/\/agora.xtec.cat\/escoladetermens\/general\/escoltam\/","title":{"rendered":"ESCOLTA&#8217;M"},"content":{"rendered":"<p>Com ja sabeu a l&#8217;escola fem l&#8217;activitat Escolta&#8217;m. Aquest diumenge La Ma\u00f1ana va publicar un article esxplicant en qu\u00e8 consisteix aquesta activitat. Us deixem l&#8217;article per refrescar la mem\u00f2ria.<\/p>\n<p><a href=\"https:\/\/agora.xtec.cat\/escoladetermens\/wp-content\/uploads\/usu1845\/2019\/03\/La-ma\u00f1ana-article.jpg\"><img loading=\"lazy\" decoding=\"async\" class=\"alignnone size-large wp-image-1561\" src=\"https:\/\/agora.xtec.cat\/escoladetermens\/wp-content\/uploads\/usu1845\/2019\/03\/La-ma\u00f1ana-article-1024x724.jpg\" alt=\"\" width=\"1024\" height=\"724\" srcset=\"https:\/\/agora.xtec.cat\/escoladetermens\/wp-content\/uploads\/usu1845\/2019\/03\/La-ma\u00f1ana-article-1024x724.jpg 1024w, https:\/\/agora.xtec.cat\/escoladetermens\/wp-content\/uploads\/usu1845\/2019\/03\/La-ma\u00f1ana-article-300x212.jpg 300w, https:\/\/agora.xtec.cat\/escoladetermens\/wp-content\/uploads\/usu1845\/2019\/03\/La-ma\u00f1ana-article-768x543.jpg 768w\" sizes=\"auto, (max-width: 1024px) 100vw, 1024px\" \/><\/a><\/p>\n","protected":false},"excerpt":{"rendered":"<p>Com ja sabeu a l&#8217;escola fem l&#8217;activitat Escolta&#8217;m. Aquest diumenge La Ma\u00f1ana va publicar un article esxplicant en qu\u00e8 consisteix aquesta activitat. Us deixem l&#8217;article per refrescar la mem\u00f2ria.<br \/>\n<a href=\"https:\/\/agora.xtec.cat\/escoladetermens\/wp-content\/uploads\/usu1845\/2019\/03\/La-ma\u00f1ana-article.jpg\"><\/a><\/p>\n","protected":false},"author":1,"featured_media":0,"comment_status":"open","ping_status":"closed","sticky":false,"template":"","format":"standard","meta":{"_bbp_topic_count":0,"_bbp_reply_count":0,"_bbp_total_topic_count":0,"_bbp_total_reply_count":0,"_bbp_voice_count":0,"_bbp_anonymous_reply_count":0,"_bbp_topic_count_hidden":0,"_bbp_reply_count_hidden":0,"_bbp_forum_subforum_count":0,"footnotes":""},"categories":[10,11,12,14,15,1,3,9,2,4,5],"tags":[74],"class_list":["post-1560","post","type-post","status-publish","format-standard","hentry","category-2n","category-3r","category-4t","category-5e","category-6e","category-general","category-i3-i4","category-i5","category-infantil","category-portada","category-primaria","tag-ed-emocional"],"post_mailing_queue_ids":[],"_links":{"self":[{"href":"https:\/\/agora.xtec.cat\/escoladetermens\/wp-json\/wp\/v2\/posts\/1560","targetHints":{"allow":["GET"]}}],"collection":[{"href":"https:\/\/agora.xtec.cat\/escoladetermens\/wp-json\/wp\/v2\/posts"}],"about":[{"href":"https:\/\/agora.xtec.cat\/escoladetermens\/wp-json\/wp\/v2\/types\/post"}],"author":[{"embeddable":true,"href":"https:\/\/agora.xtec.cat\/escoladetermens\/wp-json\/wp\/v2\/users\/1"}],"replies":[{"embeddable":true,"href":"https:\/\/agora.xtec.cat\/escoladetermens\/wp-json\/wp\/v2\/comments?post=1560"}],"version-history":[{"count":1,"href":"https:\/\/agora.xtec.cat\/escoladetermens\/wp-json\/wp\/v2\/posts\/1560\/revisions"}],"predecessor-version":[{"id":1562,"href":"https:\/\/agora.xtec.cat\/escoladetermens\/wp-json\/wp\/v2\/posts\/1560\/revisions\/1562"}],"wp:attachment":[{"href":"https:\/\/agora.xtec.cat\/escoladetermens\/wp-json\/wp\/v2\/media?parent=1560"}],"wp:term":[{"taxonomy":"category","embeddable":true,"href":"https:\/\/agora.xtec.cat\/escoladetermens\/wp-json\/wp\/v2\/categories?post=1560"},{"taxonomy":"post_tag","embeddable":true,"href":"https:\/\/agora.xtec.cat\/escoladetermens\/wp-json\/wp\/v2\/tags?post=1560"}],"curies":[{"name":"wp","href":"https:\/\/api.w.org\/{rel}","templated":true}]}}