{"id":1558,"date":"2019-03-04T11:45:35","date_gmt":"2019-03-04T10:45:35","guid":{"rendered":"http:\/\/agora.xtec.cat\/escoladetermens\/?p=1558"},"modified":"2019-03-04T11:45:35","modified_gmt":"2019-03-04T10:45:35","slug":"conversa-4-de-marc","status":"publish","type":"post","link":"https:\/\/agora.xtec.cat\/escoladetermens\/portada\/conversa-4-de-marc\/","title":{"rendered":"CONVERSA 4 DE MAR\u00c7"},"content":{"rendered":"<p>Avui la Marlen i el Sergi de 6\u00e8 han vingut a fer la conversa a la R\u00e0dio Piruli. Tenen molt a prop les col\u00f2nies i han volgut recordar quines han fet altres anys!<\/p>\n<p>https:\/\/soundcloud.com\/escola-alfred-potrony-546125898\/conversa-6e-marlen-i-sergi\/s-YzcMa<\/p>\n","protected":false},"excerpt":{"rendered":"<p>Avui la Marlen i el Sergi de 6\u00e8 han vingut a fer la conversa a la R\u00e0dio Piruli. Tenen molt a prop les col\u00f2nies i han volgut recordar quines han fet altres anys!<br \/>\nhttps:\/\/soundcloud.com\/escola-alfred-potrony-546125898\/conversa-6e-marlen-i-sergi\/s-YzcMa<\/p>\n","protected":false},"author":1,"featured_media":0,"comment_status":"open","ping_status":"closed","sticky":false,"template":"","format":"standard","meta":{"_bbp_topic_count":0,"_bbp_reply_count":0,"_bbp_total_topic_count":0,"_bbp_total_reply_count":0,"_bbp_voice_count":0,"_bbp_anonymous_reply_count":0,"_bbp_topic_count_hidden":0,"_bbp_reply_count_hidden":0,"_bbp_forum_subforum_count":0,"footnotes":""},"categories":[15,108,4,5],"tags":[133],"class_list":["post-1558","post","type-post","status-publish","format-standard","hentry","category-6e","category-aula-carles-capdevila","category-portada","category-primaria","tag-radio-piruli"],"post_mailing_queue_ids":[],"_links":{"self":[{"href":"https:\/\/agora.xtec.cat\/escoladetermens\/wp-json\/wp\/v2\/posts\/1558","targetHints":{"allow":["GET"]}}],"collection":[{"href":"https:\/\/agora.xtec.cat\/escoladetermens\/wp-json\/wp\/v2\/posts"}],"about":[{"href":"https:\/\/agora.xtec.cat\/escoladetermens\/wp-json\/wp\/v2\/types\/post"}],"author":[{"embeddable":true,"href":"https:\/\/agora.xtec.cat\/escoladetermens\/wp-json\/wp\/v2\/users\/1"}],"replies":[{"embeddable":true,"href":"https:\/\/agora.xtec.cat\/escoladetermens\/wp-json\/wp\/v2\/comments?post=1558"}],"version-history":[{"count":1,"href":"https:\/\/agora.xtec.cat\/escoladetermens\/wp-json\/wp\/v2\/posts\/1558\/revisions"}],"predecessor-version":[{"id":1559,"href":"https:\/\/agora.xtec.cat\/escoladetermens\/wp-json\/wp\/v2\/posts\/1558\/revisions\/1559"}],"wp:attachment":[{"href":"https:\/\/agora.xtec.cat\/escoladetermens\/wp-json\/wp\/v2\/media?parent=1558"}],"wp:term":[{"taxonomy":"category","embeddable":true,"href":"https:\/\/agora.xtec.cat\/escoladetermens\/wp-json\/wp\/v2\/categories?post=1558"},{"taxonomy":"post_tag","embeddable":true,"href":"https:\/\/agora.xtec.cat\/escoladetermens\/wp-json\/wp\/v2\/tags?post=1558"}],"curies":[{"name":"wp","href":"https:\/\/api.w.org\/{rel}","templated":true}]}}