{"id":1554,"date":"2019-03-04T10:26:03","date_gmt":"2019-03-04T09:26:03","guid":{"rendered":"http:\/\/agora.xtec.cat\/escoladetermens\/?p=1554"},"modified":"2019-03-04T10:26:03","modified_gmt":"2019-03-04T09:26:03","slug":"observatori-de-pujalt","status":"publish","type":"post","link":"https:\/\/agora.xtec.cat\/escoladetermens\/portada\/observatori-de-pujalt\/","title":{"rendered":"OBSERVATORI DE PUJALT"},"content":{"rendered":"<p>Divendres passat, els alumnes de cicle inicial i cicle mitj\u00e0 van aprofitar per fer una sortida a l&#8217;Observatori de Pujalt. All\u00e0 van descobrir com pronostiquen el temps i van fer molts experiments que expliquen conceptes meteorol\u00f2gics. S&#8217;ho van passar molt b\u00e9!!<\/p>\n<p><a href=\"https:\/\/photos.app.goo.gl\/XP8tgvVm9u8KD8ZU7\"><img loading=\"lazy\" decoding=\"async\" class=\"alignnone size-full wp-image-1555\" src=\"https:\/\/agora.xtec.cat\/escoladetermens\/wp-content\/uploads\/usu1845\/2019\/03\/jordi-folck.jpg\" alt=\"\" width=\"945\" height=\"756\" srcset=\"https:\/\/agora.xtec.cat\/escoladetermens\/wp-content\/uploads\/usu1845\/2019\/03\/jordi-folck.jpg 945w, https:\/\/agora.xtec.cat\/escoladetermens\/wp-content\/uploads\/usu1845\/2019\/03\/jordi-folck-300x240.jpg 300w, https:\/\/agora.xtec.cat\/escoladetermens\/wp-content\/uploads\/usu1845\/2019\/03\/jordi-folck-768x614.jpg 768w\" sizes=\"auto, (max-width: 945px) 100vw, 945px\" \/><\/a><\/p>\n","protected":false},"excerpt":{"rendered":"<p>Divendres passat, els alumnes de cicle inicial i cicle mitj\u00e0 van aprofitar per fer una sortida a l&#8217;Observatori de Pujalt. All\u00e0 van descobrir com pronostiquen el temps i van fer molts experiments que expliquen conceptes meteorol\u00f2gics. S&#8217;ho van passar molt b\u00e9!!<br \/>\n<a href=\"https:\/\/photos.app.goo.gl\/XP8tgvVm9u8KD8ZU7\"><\/a><\/p>\n","protected":false},"author":1,"featured_media":0,"comment_status":"open","ping_status":"closed","sticky":false,"template":"","format":"standard","meta":{"_bbp_topic_count":0,"_bbp_reply_count":0,"_bbp_total_topic_count":0,"_bbp_total_reply_count":0,"_bbp_voice_count":0,"_bbp_anonymous_reply_count":0,"_bbp_topic_count_hidden":0,"_bbp_reply_count_hidden":0,"_bbp_forum_subforum_count":0,"footnotes":""},"categories":[10,11,12,4,5],"tags":[188,146],"class_list":["post-1554","post","type-post","status-publish","format-standard","hentry","category-2n","category-3r","category-4t","category-portada","category-primaria","tag-competencia-de-comeixement-del-medi","tag-sortida"],"post_mailing_queue_ids":[],"_links":{"self":[{"href":"https:\/\/agora.xtec.cat\/escoladetermens\/wp-json\/wp\/v2\/posts\/1554","targetHints":{"allow":["GET"]}}],"collection":[{"href":"https:\/\/agora.xtec.cat\/escoladetermens\/wp-json\/wp\/v2\/posts"}],"about":[{"href":"https:\/\/agora.xtec.cat\/escoladetermens\/wp-json\/wp\/v2\/types\/post"}],"author":[{"embeddable":true,"href":"https:\/\/agora.xtec.cat\/escoladetermens\/wp-json\/wp\/v2\/users\/1"}],"replies":[{"embeddable":true,"href":"https:\/\/agora.xtec.cat\/escoladetermens\/wp-json\/wp\/v2\/comments?post=1554"}],"version-history":[{"count":1,"href":"https:\/\/agora.xtec.cat\/escoladetermens\/wp-json\/wp\/v2\/posts\/1554\/revisions"}],"predecessor-version":[{"id":1556,"href":"https:\/\/agora.xtec.cat\/escoladetermens\/wp-json\/wp\/v2\/posts\/1554\/revisions\/1556"}],"wp:attachment":[{"href":"https:\/\/agora.xtec.cat\/escoladetermens\/wp-json\/wp\/v2\/media?parent=1554"}],"wp:term":[{"taxonomy":"category","embeddable":true,"href":"https:\/\/agora.xtec.cat\/escoladetermens\/wp-json\/wp\/v2\/categories?post=1554"},{"taxonomy":"post_tag","embeddable":true,"href":"https:\/\/agora.xtec.cat\/escoladetermens\/wp-json\/wp\/v2\/tags?post=1554"}],"curies":[{"name":"wp","href":"https:\/\/api.w.org\/{rel}","templated":true}]}}