{"id":1524,"date":"2019-02-25T11:36:56","date_gmt":"2019-02-25T10:36:56","guid":{"rendered":"http:\/\/agora.xtec.cat\/escoladetermens\/?p=1524"},"modified":"2019-02-25T11:36:56","modified_gmt":"2019-02-25T10:36:56","slug":"conversa-25-de-febrer","status":"publish","type":"post","link":"https:\/\/agora.xtec.cat\/escoladetermens\/portada\/conversa-25-de-febrer\/","title":{"rendered":"CONVERSA 25 DE FEBRER"},"content":{"rendered":"<p>Avui l&#8217;Alba i la Joana ens han volgut parlar de la import\u00e0ncia que t\u00e9 la m\u00fasica per a elles.<\/p>\n<p>https:\/\/soundcloud.com\/escola-alfred-potrony-546125898\/5e-joana-i-alba\/s-Jjyf5<\/p>\n","protected":false},"excerpt":{"rendered":"<p>Avui l&#8217;Alba i la Joana ens han volgut parlar de la import\u00e0ncia que t\u00e9 la m\u00fasica per a elles.<br \/>\nhttps:\/\/soundcloud.com\/escola-alfred-potrony-546125898\/5e-joana-i-alba\/s-Jjyf5<\/p>\n","protected":false},"author":1,"featured_media":0,"comment_status":"open","ping_status":"closed","sticky":false,"template":"","format":"standard","meta":{"_bbp_topic_count":0,"_bbp_reply_count":0,"_bbp_total_topic_count":0,"_bbp_total_reply_count":0,"_bbp_voice_count":0,"_bbp_anonymous_reply_count":0,"_bbp_topic_count_hidden":0,"_bbp_reply_count_hidden":0,"_bbp_forum_subforum_count":0,"footnotes":""},"categories":[14,108,4,5],"tags":[195],"class_list":["post-1524","post","type-post","status-publish","format-standard","hentry","category-5e","category-aula-carles-capdevila","category-portada","category-primaria","tag-radio-conversa"],"post_mailing_queue_ids":[],"_links":{"self":[{"href":"https:\/\/agora.xtec.cat\/escoladetermens\/wp-json\/wp\/v2\/posts\/1524","targetHints":{"allow":["GET"]}}],"collection":[{"href":"https:\/\/agora.xtec.cat\/escoladetermens\/wp-json\/wp\/v2\/posts"}],"about":[{"href":"https:\/\/agora.xtec.cat\/escoladetermens\/wp-json\/wp\/v2\/types\/post"}],"author":[{"embeddable":true,"href":"https:\/\/agora.xtec.cat\/escoladetermens\/wp-json\/wp\/v2\/users\/1"}],"replies":[{"embeddable":true,"href":"https:\/\/agora.xtec.cat\/escoladetermens\/wp-json\/wp\/v2\/comments?post=1524"}],"version-history":[{"count":1,"href":"https:\/\/agora.xtec.cat\/escoladetermens\/wp-json\/wp\/v2\/posts\/1524\/revisions"}],"predecessor-version":[{"id":1525,"href":"https:\/\/agora.xtec.cat\/escoladetermens\/wp-json\/wp\/v2\/posts\/1524\/revisions\/1525"}],"wp:attachment":[{"href":"https:\/\/agora.xtec.cat\/escoladetermens\/wp-json\/wp\/v2\/media?parent=1524"}],"wp:term":[{"taxonomy":"category","embeddable":true,"href":"https:\/\/agora.xtec.cat\/escoladetermens\/wp-json\/wp\/v2\/categories?post=1524"},{"taxonomy":"post_tag","embeddable":true,"href":"https:\/\/agora.xtec.cat\/escoladetermens\/wp-json\/wp\/v2\/tags?post=1524"}],"curies":[{"name":"wp","href":"https:\/\/api.w.org\/{rel}","templated":true}]}}