{"id":1513,"date":"2019-02-22T16:34:24","date_gmt":"2019-02-22T15:34:24","guid":{"rendered":"http:\/\/agora.xtec.cat\/escoladetermens\/?p=1513"},"modified":"2019-02-22T16:34:24","modified_gmt":"2019-02-22T15:34:24","slug":"quina-passada","status":"publish","type":"post","link":"https:\/\/agora.xtec.cat\/escoladetermens\/general\/quina-passada\/","title":{"rendered":"QUINA PASSADA!!"},"content":{"rendered":"<p>QUINA PASSADA!<\/p>\n<p>Gr\u00e0cies a aquest video, avui a l&#8217;hora de tutoria, els alumnes de sis\u00e8 hem estat capa\u00e7os de veure i descobrir que:<\/p>\n<p>La <strong>dis<\/strong>capacitat \u00e9s la capacitat extraordin\u00e0ria de ser capa\u00e7.<\/p>\n<p><strong>No us ho podeu perdre!<\/strong><\/p>\n<p><a href=\"https:\/\/www.bing.com\/videos\/search?q=freestyle+campeonato+paraolimpicos&amp;&amp;view=detail&amp;mid=03184CE93F9A5B01CC8C03184CE93F9A5B01CC8C&amp;FORM=VRDGAR\" data-saferedirecturl=\"https:\/\/www.google.com\/url?q=https:\/\/www.bing.com\/videos\/search?q%3Dfreestyle%2Bcampeonato%2Bparaolimpicos%26%26view%3Ddetail%26mid%3D03184CE93F9A5B01CC8C03184CE93F9A5B01CC8C%26FORM%3DVRDGAR&amp;source=gmail&amp;ust=1550935949667000&amp;usg=AFQjCNHyaJQgiUNAwAPtjHRZY9bHzXBzwA\">https:\/\/www.bing.com\/videos\/search?q=freestyle+campeonato+paraolimpicos&amp;&amp;view=detail&amp;mid=03184CE93F9A5B01CC8C03184CE93F9A5B01CC8C&amp;FORM=VRDGAR<\/a><\/p>\n<p><a href=\"https:\/\/agora.xtec.cat\/escoladetermens\/wp-content\/uploads\/usu1845\/2019\/02\/IMG_20190222_122721_525.jpg\"><img loading=\"lazy\" decoding=\"async\" class=\"alignnone size-large wp-image-1515\" src=\"https:\/\/agora.xtec.cat\/escoladetermens\/wp-content\/uploads\/usu1845\/2019\/02\/IMG_20190222_122721_525-1024x759.jpg\" alt=\"\" width=\"1024\" height=\"759\" srcset=\"https:\/\/agora.xtec.cat\/escoladetermens\/wp-content\/uploads\/usu1845\/2019\/02\/IMG_20190222_122721_525-1024x759.jpg 1024w, https:\/\/agora.xtec.cat\/escoladetermens\/wp-content\/uploads\/usu1845\/2019\/02\/IMG_20190222_122721_525-300x222.jpg 300w, https:\/\/agora.xtec.cat\/escoladetermens\/wp-content\/uploads\/usu1845\/2019\/02\/IMG_20190222_122721_525-768x569.jpg 768w\" sizes=\"auto, (max-width: 1024px) 100vw, 1024px\" \/><\/a><\/p>\n","protected":false},"excerpt":{"rendered":"<p>QUINA PASSADA!<br \/>\nGr\u00e0cies a aquest video, avui a l&#8217;hora de tutoria, els alumnes de sis\u00e8 hem estat capa\u00e7os de veure i descobrir que:<br \/>\nLa discapacitat \u00e9s la capacitat extraordin\u00e0ria de ser capa\u00e7.<br \/>\nNo us ho podeu perdre!<br \/>\n<a href=\"https:\/\/www.bing.com\/videos\/search?q=freestyle+campeonato+paraolimpicos&amp;&amp;view=detail&amp;mid=03184CE93F9A5B01CC8C03184CE93F9A5B01CC8C&amp;FORM=VRDGAR\" data-saferedirecturl=\"https:\/\/www.google.com\/url?q=https:\/\/www.bing.com\/videos\/search?q%3Dfreestyle%2Bcampeonato%2Bparaolimpicos%26%26view%3Ddetail%26mid%3D03184CE93F9A5B01CC8C03184CE93F9A5B01CC8C%26FORM%3DVRDGAR&amp;source=gmail&amp;ust=1550935949667000&amp;usg=AFQjCNHyaJQgiUNAwAPtjHRZY9bHzXBzwA\">https:\/\/www.bing.com\/videos\/search?q=freestyle+campeonato+paraolimpicos&amp;&amp;view=detail&amp;mid=03184CE93F9A5B01CC8C03184CE93F9A5B01CC8C&amp;FORM=VRDGAR<\/a><br \/>\n<a href=\"https:\/\/agora.xtec.cat\/escoladetermens\/wp-content\/uploads\/usu1845\/2019\/02\/IMG_20190222_122721_525.jpg\"><\/a><\/p>\n","protected":false},"author":1,"featured_media":0,"comment_status":"open","ping_status":"closed","sticky":false,"template":"","format":"standard","meta":{"_bbp_topic_count":0,"_bbp_reply_count":0,"_bbp_total_topic_count":0,"_bbp_total_reply_count":0,"_bbp_voice_count":0,"_bbp_anonymous_reply_count":0,"_bbp_topic_count_hidden":0,"_bbp_reply_count_hidden":0,"_bbp_forum_subforum_count":0,"footnotes":""},"categories":[15,1,4,5],"tags":[74],"class_list":["post-1513","post","type-post","status-publish","format-standard","hentry","category-6e","category-general","category-portada","category-primaria","tag-ed-emocional"],"post_mailing_queue_ids":[],"_links":{"self":[{"href":"https:\/\/agora.xtec.cat\/escoladetermens\/wp-json\/wp\/v2\/posts\/1513","targetHints":{"allow":["GET"]}}],"collection":[{"href":"https:\/\/agora.xtec.cat\/escoladetermens\/wp-json\/wp\/v2\/posts"}],"about":[{"href":"https:\/\/agora.xtec.cat\/escoladetermens\/wp-json\/wp\/v2\/types\/post"}],"author":[{"embeddable":true,"href":"https:\/\/agora.xtec.cat\/escoladetermens\/wp-json\/wp\/v2\/users\/1"}],"replies":[{"embeddable":true,"href":"https:\/\/agora.xtec.cat\/escoladetermens\/wp-json\/wp\/v2\/comments?post=1513"}],"version-history":[{"count":2,"href":"https:\/\/agora.xtec.cat\/escoladetermens\/wp-json\/wp\/v2\/posts\/1513\/revisions"}],"predecessor-version":[{"id":1516,"href":"https:\/\/agora.xtec.cat\/escoladetermens\/wp-json\/wp\/v2\/posts\/1513\/revisions\/1516"}],"wp:attachment":[{"href":"https:\/\/agora.xtec.cat\/escoladetermens\/wp-json\/wp\/v2\/media?parent=1513"}],"wp:term":[{"taxonomy":"category","embeddable":true,"href":"https:\/\/agora.xtec.cat\/escoladetermens\/wp-json\/wp\/v2\/categories?post=1513"},{"taxonomy":"post_tag","embeddable":true,"href":"https:\/\/agora.xtec.cat\/escoladetermens\/wp-json\/wp\/v2\/tags?post=1513"}],"curies":[{"name":"wp","href":"https:\/\/api.w.org\/{rel}","templated":true}]}}