{"id":1469,"date":"2019-02-15T12:30:47","date_gmt":"2019-02-15T11:30:47","guid":{"rendered":"http:\/\/agora.xtec.cat\/escoladetermens\/?p=1469"},"modified":"2019-02-15T12:30:47","modified_gmt":"2019-02-15T11:30:47","slug":"la-masovera","status":"publish","type":"post","link":"https:\/\/agora.xtec.cat\/escoladetermens\/general\/la-masovera\/","title":{"rendered":"LA MASOVERA"},"content":{"rendered":"<p>Els alumnes de cicle mitj\u00e0 hem treballat una can\u00e7\u00f3-dansa de la nostra cultura popular: la masovera!<\/p>\n<p>S&#8217;han concentrat molt i s&#8217;han ajudat entre ells per a que surti molt b\u00e9. Enhorabona per la feina ben feta!<\/p>\n<p>https:\/\/youtu.be\/o8jHuPIS3OE<\/p>\n","protected":false},"excerpt":{"rendered":"<p>Els alumnes de cicle mitj\u00e0 hem treballat una can\u00e7\u00f3-dansa de la nostra cultura popular: la masovera!<br \/>\nS&#8217;han concentrat molt i s&#8217;han ajudat entre ells per a que surti molt b\u00e9. Enhorabona per la feina ben feta!<br \/>\nhttps:\/\/youtu.be\/o8jHuPIS3OE<\/p>\n","protected":false},"author":1,"featured_media":1471,"comment_status":"open","ping_status":"closed","sticky":false,"template":"","format":"standard","meta":{"_bbp_topic_count":0,"_bbp_reply_count":0,"_bbp_total_topic_count":0,"_bbp_total_reply_count":0,"_bbp_voice_count":0,"_bbp_anonymous_reply_count":0,"_bbp_topic_count_hidden":0,"_bbp_reply_count_hidden":0,"_bbp_forum_subforum_count":0,"footnotes":""},"categories":[12,1,93,4,5],"tags":[94],"class_list":["post-1469","post","type-post","status-publish","format-standard","has-post-thumbnail","hentry","category-4t","category-general","category-musica","category-portada","category-primaria","tag-dansa"],"post_mailing_queue_ids":[],"_links":{"self":[{"href":"https:\/\/agora.xtec.cat\/escoladetermens\/wp-json\/wp\/v2\/posts\/1469","targetHints":{"allow":["GET"]}}],"collection":[{"href":"https:\/\/agora.xtec.cat\/escoladetermens\/wp-json\/wp\/v2\/posts"}],"about":[{"href":"https:\/\/agora.xtec.cat\/escoladetermens\/wp-json\/wp\/v2\/types\/post"}],"author":[{"embeddable":true,"href":"https:\/\/agora.xtec.cat\/escoladetermens\/wp-json\/wp\/v2\/users\/1"}],"replies":[{"embeddable":true,"href":"https:\/\/agora.xtec.cat\/escoladetermens\/wp-json\/wp\/v2\/comments?post=1469"}],"version-history":[{"count":2,"href":"https:\/\/agora.xtec.cat\/escoladetermens\/wp-json\/wp\/v2\/posts\/1469\/revisions"}],"predecessor-version":[{"id":1472,"href":"https:\/\/agora.xtec.cat\/escoladetermens\/wp-json\/wp\/v2\/posts\/1469\/revisions\/1472"}],"wp:featuredmedia":[{"embeddable":true,"href":"https:\/\/agora.xtec.cat\/escoladetermens\/wp-json\/wp\/v2\/media\/1471"}],"wp:attachment":[{"href":"https:\/\/agora.xtec.cat\/escoladetermens\/wp-json\/wp\/v2\/media?parent=1469"}],"wp:term":[{"taxonomy":"category","embeddable":true,"href":"https:\/\/agora.xtec.cat\/escoladetermens\/wp-json\/wp\/v2\/categories?post=1469"},{"taxonomy":"post_tag","embeddable":true,"href":"https:\/\/agora.xtec.cat\/escoladetermens\/wp-json\/wp\/v2\/tags?post=1469"}],"curies":[{"name":"wp","href":"https:\/\/api.w.org\/{rel}","templated":true}]}}