{"id":1467,"date":"2019-02-15T12:23:05","date_gmt":"2019-02-15T11:23:05","guid":{"rendered":"http:\/\/agora.xtec.cat\/escoladetermens\/?p=1467"},"modified":"2019-02-15T12:23:05","modified_gmt":"2019-02-15T11:23:05","slug":"radio-15-de-febrer","status":"publish","type":"post","link":"https:\/\/agora.xtec.cat\/escoladetermens\/infantil\/radio-15-de-febrer\/","title":{"rendered":"R\u00c0DIO 15 DE FEBRER"},"content":{"rendered":"<p>Avui han vingut a fer la r\u00e0dio la Jana i la Sara de locutores i el Marc de DJ. Com a ajudant de DJ s&#8217;ha ofert el Gen\u00eds i com a col\u00b7laboradores tres noies de 6\u00e8. A veure si les reconeixeu!<\/p>\n<p>https:\/\/soundcloud.com\/escola-alfred-potrony-546125898\/15-02-19a\/s-Najkh<\/p>\n","protected":false},"excerpt":{"rendered":"<p>Avui han vingut a fer la r\u00e0dio la Jana i la Sara de locutores i el Marc de DJ. Com a ajudant de DJ s&#8217;ha ofert el Gen\u00eds i com a col\u00b7laboradores tres noies de 6\u00e8. A veure si les reconeixeu!<br \/>\nhttps:\/\/soundcloud.com\/escola-alfred-potrony-546125898\/15-02-19a\/s-Najkh<\/p>\n","protected":false},"author":1,"featured_media":0,"comment_status":"open","ping_status":"closed","sticky":false,"template":"","format":"standard","meta":{"_bbp_topic_count":0,"_bbp_reply_count":0,"_bbp_total_topic_count":0,"_bbp_total_reply_count":0,"_bbp_voice_count":0,"_bbp_anonymous_reply_count":0,"_bbp_topic_count_hidden":0,"_bbp_reply_count_hidden":0,"_bbp_forum_subforum_count":0,"footnotes":""},"categories":[10,11,12,15,108,9,2,4,5],"tags":[133],"class_list":["post-1467","post","type-post","status-publish","format-standard","hentry","category-2n","category-3r","category-4t","category-6e","category-aula-carles-capdevila","category-i5","category-infantil","category-portada","category-primaria","tag-radio-piruli"],"post_mailing_queue_ids":[],"_links":{"self":[{"href":"https:\/\/agora.xtec.cat\/escoladetermens\/wp-json\/wp\/v2\/posts\/1467","targetHints":{"allow":["GET"]}}],"collection":[{"href":"https:\/\/agora.xtec.cat\/escoladetermens\/wp-json\/wp\/v2\/posts"}],"about":[{"href":"https:\/\/agora.xtec.cat\/escoladetermens\/wp-json\/wp\/v2\/types\/post"}],"author":[{"embeddable":true,"href":"https:\/\/agora.xtec.cat\/escoladetermens\/wp-json\/wp\/v2\/users\/1"}],"replies":[{"embeddable":true,"href":"https:\/\/agora.xtec.cat\/escoladetermens\/wp-json\/wp\/v2\/comments?post=1467"}],"version-history":[{"count":1,"href":"https:\/\/agora.xtec.cat\/escoladetermens\/wp-json\/wp\/v2\/posts\/1467\/revisions"}],"predecessor-version":[{"id":1468,"href":"https:\/\/agora.xtec.cat\/escoladetermens\/wp-json\/wp\/v2\/posts\/1467\/revisions\/1468"}],"wp:attachment":[{"href":"https:\/\/agora.xtec.cat\/escoladetermens\/wp-json\/wp\/v2\/media?parent=1467"}],"wp:term":[{"taxonomy":"category","embeddable":true,"href":"https:\/\/agora.xtec.cat\/escoladetermens\/wp-json\/wp\/v2\/categories?post=1467"},{"taxonomy":"post_tag","embeddable":true,"href":"https:\/\/agora.xtec.cat\/escoladetermens\/wp-json\/wp\/v2\/tags?post=1467"}],"curies":[{"name":"wp","href":"https:\/\/api.w.org\/{rel}","templated":true}]}}