{"id":1408,"date":"2019-02-04T12:09:39","date_gmt":"2019-02-04T11:09:39","guid":{"rendered":"http:\/\/agora.xtec.cat\/escoladetermens\/?p=1408"},"modified":"2019-02-04T12:09:39","modified_gmt":"2019-02-04T11:09:39","slug":"coeducacio","status":"publish","type":"post","link":"https:\/\/agora.xtec.cat\/escoladetermens\/infantil\/coeducacio\/","title":{"rendered":"COEDUCACI\u00d3"},"content":{"rendered":"<p>Avui comencem els diferents tallers de la setmana de la prevenci\u00f3. Avui ens faran unes xerrades sobre coeducaci\u00f3 a cicle inicial, infantil i 4t de prim\u00e0ria. La coeducaci\u00f3 amb els colors, les joguines i els contes. Una activitat programada des del Consell Comarcal de la Noguera.<\/p>\n<p><a href=\"https:\/\/agora.xtec.cat\/escoladetermens\/wp-content\/uploads\/usu1845\/2019\/02\/IMG_8973-COLLAGE.jpg\"><img loading=\"lazy\" decoding=\"async\" class=\"alignnone size-full wp-image-1409\" src=\"https:\/\/agora.xtec.cat\/escoladetermens\/wp-content\/uploads\/usu1845\/2019\/02\/IMG_8973-COLLAGE.jpg\" alt=\"\" width=\"966\" height=\"966\" srcset=\"https:\/\/agora.xtec.cat\/escoladetermens\/wp-content\/uploads\/usu1845\/2019\/02\/IMG_8973-COLLAGE.jpg 966w, https:\/\/agora.xtec.cat\/escoladetermens\/wp-content\/uploads\/usu1845\/2019\/02\/IMG_8973-COLLAGE-150x150.jpg 150w, https:\/\/agora.xtec.cat\/escoladetermens\/wp-content\/uploads\/usu1845\/2019\/02\/IMG_8973-COLLAGE-300x300.jpg 300w, https:\/\/agora.xtec.cat\/escoladetermens\/wp-content\/uploads\/usu1845\/2019\/02\/IMG_8973-COLLAGE-768x768.jpg 768w\" sizes=\"auto, (max-width: 966px) 100vw, 966px\" \/><\/a><\/p>\n","protected":false},"excerpt":{"rendered":"<p>Avui comencem els diferents tallers de la setmana de la prevenci\u00f3. Avui ens faran unes xerrades sobre coeducaci\u00f3 a cicle inicial, infantil i 4t de prim\u00e0ria. La coeducaci\u00f3 amb els colors, les joguines i els contes. Una activitat programada des del Consell Comarcal de la&hellip;  <a href=\"https:\/\/agora.xtec.cat\/escoladetermens\/infantil\/coeducacio\/\" title=\"Read COEDUCACI\u00d3\">Llegeix m\u00e9s\u00bb<\/a><\/p>\n","protected":false},"author":1,"featured_media":0,"comment_status":"open","ping_status":"closed","sticky":false,"template":"","format":"standard","meta":{"_bbp_topic_count":0,"_bbp_reply_count":0,"_bbp_total_topic_count":0,"_bbp_total_reply_count":0,"_bbp_voice_count":0,"_bbp_anonymous_reply_count":0,"_bbp_topic_count_hidden":0,"_bbp_reply_count_hidden":0,"_bbp_forum_subforum_count":0,"footnotes":""},"categories":[10,11,3,9,2,4,5],"tags":[204,205],"class_list":["post-1408","post","type-post","status-publish","format-standard","hentry","category-2n","category-3r","category-i3-i4","category-i5","category-infantil","category-portada","category-primaria","tag-coeducacio","tag-setmana-de-la-prevencio"],"post_mailing_queue_ids":[],"_links":{"self":[{"href":"https:\/\/agora.xtec.cat\/escoladetermens\/wp-json\/wp\/v2\/posts\/1408","targetHints":{"allow":["GET"]}}],"collection":[{"href":"https:\/\/agora.xtec.cat\/escoladetermens\/wp-json\/wp\/v2\/posts"}],"about":[{"href":"https:\/\/agora.xtec.cat\/escoladetermens\/wp-json\/wp\/v2\/types\/post"}],"author":[{"embeddable":true,"href":"https:\/\/agora.xtec.cat\/escoladetermens\/wp-json\/wp\/v2\/users\/1"}],"replies":[{"embeddable":true,"href":"https:\/\/agora.xtec.cat\/escoladetermens\/wp-json\/wp\/v2\/comments?post=1408"}],"version-history":[{"count":1,"href":"https:\/\/agora.xtec.cat\/escoladetermens\/wp-json\/wp\/v2\/posts\/1408\/revisions"}],"predecessor-version":[{"id":1410,"href":"https:\/\/agora.xtec.cat\/escoladetermens\/wp-json\/wp\/v2\/posts\/1408\/revisions\/1410"}],"wp:attachment":[{"href":"https:\/\/agora.xtec.cat\/escoladetermens\/wp-json\/wp\/v2\/media?parent=1408"}],"wp:term":[{"taxonomy":"category","embeddable":true,"href":"https:\/\/agora.xtec.cat\/escoladetermens\/wp-json\/wp\/v2\/categories?post=1408"},{"taxonomy":"post_tag","embeddable":true,"href":"https:\/\/agora.xtec.cat\/escoladetermens\/wp-json\/wp\/v2\/tags?post=1408"}],"curies":[{"name":"wp","href":"https:\/\/api.w.org\/{rel}","templated":true}]}}