{"id":1405,"date":"2019-02-04T10:54:08","date_gmt":"2019-02-04T09:54:08","guid":{"rendered":"http:\/\/agora.xtec.cat\/escoladetermens\/?p=1405"},"modified":"2019-02-04T10:54:08","modified_gmt":"2019-02-04T09:54:08","slug":"masterchef-junior","status":"publish","type":"post","link":"https:\/\/agora.xtec.cat\/escoladetermens\/portada\/masterchef-junior\/","title":{"rendered":"MASTERCHEF JUNIOR"},"content":{"rendered":"<p>Dins del projecte &#8220;Luces, C\u00e1mara, Acci\u00f3n&#8221;, els alumnes de 6\u00e8 han volgut reproduir un fam\u00f3s concurs de televisi\u00f3.<\/p>\n<p>Divendres a la tarda s&#8217;ho van passar pipa! Ara a editar-lo.<\/p>\n<p><a href=\"https:\/\/photos.app.goo.gl\/nHvf2Q5jKrWFPBX77\"><img loading=\"lazy\" decoding=\"async\" class=\"alignnone size-full wp-image-1406\" src=\"https:\/\/agora.xtec.cat\/escoladetermens\/wp-content\/uploads\/usu1845\/2019\/02\/LUCES-C\u00c1MARA-ACCI\u00d3N.jpg\" alt=\"\" width=\"940\" height=\"788\" srcset=\"https:\/\/agora.xtec.cat\/escoladetermens\/wp-content\/uploads\/usu1845\/2019\/02\/LUCES-C\u00c1MARA-ACCI\u00d3N.jpg 940w, https:\/\/agora.xtec.cat\/escoladetermens\/wp-content\/uploads\/usu1845\/2019\/02\/LUCES-C\u00c1MARA-ACCI\u00d3N-300x250.jpg 300w, https:\/\/agora.xtec.cat\/escoladetermens\/wp-content\/uploads\/usu1845\/2019\/02\/LUCES-C\u00c1MARA-ACCI\u00d3N-768x644.jpg 768w\" sizes=\"auto, (max-width: 940px) 100vw, 940px\" \/><\/a><\/p>\n","protected":false},"excerpt":{"rendered":"<p>Dins del projecte &#8220;Luces, C\u00e1mara, Acci\u00f3n&#8221;, els alumnes de 6\u00e8 han volgut reproduir un fam\u00f3s concurs de televisi\u00f3.<br \/>\nDivendres a la tarda s&#8217;ho van passar pipa! Ara a editar-lo.<br \/>\n<a href=\"https:\/\/photos.app.goo.gl\/nHvf2Q5jKrWFPBX77\"><\/a><\/p>\n","protected":false},"author":1,"featured_media":0,"comment_status":"open","ping_status":"closed","sticky":false,"template":"","format":"standard","meta":{"_bbp_topic_count":0,"_bbp_reply_count":0,"_bbp_total_topic_count":0,"_bbp_total_reply_count":0,"_bbp_voice_count":0,"_bbp_anonymous_reply_count":0,"_bbp_topic_count_hidden":0,"_bbp_reply_count_hidden":0,"_bbp_forum_subforum_count":0,"footnotes":""},"categories":[15,108,4,5],"tags":[202,170],"class_list":["post-1405","post","type-post","status-publish","format-standard","hentry","category-6e","category-aula-carles-capdevila","category-portada","category-primaria","tag-competencia-digital","tag-competencia-linguistica"],"post_mailing_queue_ids":[],"_links":{"self":[{"href":"https:\/\/agora.xtec.cat\/escoladetermens\/wp-json\/wp\/v2\/posts\/1405","targetHints":{"allow":["GET"]}}],"collection":[{"href":"https:\/\/agora.xtec.cat\/escoladetermens\/wp-json\/wp\/v2\/posts"}],"about":[{"href":"https:\/\/agora.xtec.cat\/escoladetermens\/wp-json\/wp\/v2\/types\/post"}],"author":[{"embeddable":true,"href":"https:\/\/agora.xtec.cat\/escoladetermens\/wp-json\/wp\/v2\/users\/1"}],"replies":[{"embeddable":true,"href":"https:\/\/agora.xtec.cat\/escoladetermens\/wp-json\/wp\/v2\/comments?post=1405"}],"version-history":[{"count":1,"href":"https:\/\/agora.xtec.cat\/escoladetermens\/wp-json\/wp\/v2\/posts\/1405\/revisions"}],"predecessor-version":[{"id":1407,"href":"https:\/\/agora.xtec.cat\/escoladetermens\/wp-json\/wp\/v2\/posts\/1405\/revisions\/1407"}],"wp:attachment":[{"href":"https:\/\/agora.xtec.cat\/escoladetermens\/wp-json\/wp\/v2\/media?parent=1405"}],"wp:term":[{"taxonomy":"category","embeddable":true,"href":"https:\/\/agora.xtec.cat\/escoladetermens\/wp-json\/wp\/v2\/categories?post=1405"},{"taxonomy":"post_tag","embeddable":true,"href":"https:\/\/agora.xtec.cat\/escoladetermens\/wp-json\/wp\/v2\/tags?post=1405"}],"curies":[{"name":"wp","href":"https:\/\/api.w.org\/{rel}","templated":true}]}}