{"id":1397,"date":"2019-02-01T15:25:59","date_gmt":"2019-02-01T14:25:59","guid":{"rendered":"http:\/\/agora.xtec.cat\/escoladetermens\/?p=1397"},"modified":"2019-02-01T15:25:59","modified_gmt":"2019-02-01T14:25:59","slug":"competencia-matematica","status":"publish","type":"post","link":"https:\/\/agora.xtec.cat\/escoladetermens\/portada\/competencia-matematica\/","title":{"rendered":"COMPET\u00c8NCIA MATEM\u00c0TICA"},"content":{"rendered":"<div dir=\"ltr\">\n<div>\u00c0REES PER GRUPS<\/div>\n<div><\/div>\n<div><\/div>\n<div>Aquesta setmana a l&#8217;hora de geometria hem comen\u00e7at a calcular \u00e0rees de diferents figures per grups. Semblava f\u00e0cil per\u00f2&#8230; posar-se d&#8217;acord a l&#8217;hora de buscar estrat\u00e8gies matem\u00e0tiques tamb\u00e9 t\u00e9 les seves dificulats!<\/div>\n<\/div>\n<div><\/div>\n<div><\/div>\n<div><a href=\"https:\/\/agora.xtec.cat\/escoladetermens\/wp-content\/uploads\/usu1845\/2019\/02\/compet\u00e8ncia-matem\u00e0tica.jpg\"><img loading=\"lazy\" decoding=\"async\" class=\"alignnone size-full wp-image-1398\" src=\"https:\/\/agora.xtec.cat\/escoladetermens\/wp-content\/uploads\/usu1845\/2019\/02\/compet\u00e8ncia-matem\u00e0tica.jpg\" alt=\"\" width=\"966\" height=\"966\" srcset=\"https:\/\/agora.xtec.cat\/escoladetermens\/wp-content\/uploads\/usu1845\/2019\/02\/compet\u00e8ncia-matem\u00e0tica.jpg 966w, https:\/\/agora.xtec.cat\/escoladetermens\/wp-content\/uploads\/usu1845\/2019\/02\/compet\u00e8ncia-matem\u00e0tica-150x150.jpg 150w, https:\/\/agora.xtec.cat\/escoladetermens\/wp-content\/uploads\/usu1845\/2019\/02\/compet\u00e8ncia-matem\u00e0tica-300x300.jpg 300w, https:\/\/agora.xtec.cat\/escoladetermens\/wp-content\/uploads\/usu1845\/2019\/02\/compet\u00e8ncia-matem\u00e0tica-768x768.jpg 768w\" sizes=\"auto, (max-width: 966px) 100vw, 966px\" \/><\/a><\/div>\n<div dir=\"ltr\">\n<div class=\"adL\"><\/div>\n<\/div>\n","protected":false},"excerpt":{"rendered":"<p>\u00c0REES PER GRUPS<\/p>\n<p>Aquesta setmana a l&#8217;hora de geometria hem comen\u00e7at a calcular \u00e0rees de diferents figures per grups. Semblava f\u00e0cil per\u00f2&#8230; posar-se d&#8217;acord a l&#8217;hora de buscar estrat\u00e8gies matem\u00e0tiques tamb\u00e9 t\u00e9 les seves dificulats!<\/p>\n<p><a href=\"https:\/\/agora.xtec.cat\/escoladetermens\/wp-content\/uploads\/usu1845\/2019\/02\/compet\u00e8ncia-matem\u00e0tica.jpg\"><\/a><\/p>\n","protected":false},"author":1,"featured_media":0,"comment_status":"open","ping_status":"closed","sticky":false,"template":"","format":"standard","meta":{"_bbp_topic_count":0,"_bbp_reply_count":0,"_bbp_total_topic_count":0,"_bbp_total_reply_count":0,"_bbp_voice_count":0,"_bbp_anonymous_reply_count":0,"_bbp_topic_count_hidden":0,"_bbp_reply_count_hidden":0,"_bbp_forum_subforum_count":0,"footnotes":""},"categories":[15,4,5],"tags":[172],"class_list":["post-1397","post","type-post","status-publish","format-standard","hentry","category-6e","category-portada","category-primaria","tag-competencia-matematica"],"post_mailing_queue_ids":[],"_links":{"self":[{"href":"https:\/\/agora.xtec.cat\/escoladetermens\/wp-json\/wp\/v2\/posts\/1397","targetHints":{"allow":["GET"]}}],"collection":[{"href":"https:\/\/agora.xtec.cat\/escoladetermens\/wp-json\/wp\/v2\/posts"}],"about":[{"href":"https:\/\/agora.xtec.cat\/escoladetermens\/wp-json\/wp\/v2\/types\/post"}],"author":[{"embeddable":true,"href":"https:\/\/agora.xtec.cat\/escoladetermens\/wp-json\/wp\/v2\/users\/1"}],"replies":[{"embeddable":true,"href":"https:\/\/agora.xtec.cat\/escoladetermens\/wp-json\/wp\/v2\/comments?post=1397"}],"version-history":[{"count":1,"href":"https:\/\/agora.xtec.cat\/escoladetermens\/wp-json\/wp\/v2\/posts\/1397\/revisions"}],"predecessor-version":[{"id":1399,"href":"https:\/\/agora.xtec.cat\/escoladetermens\/wp-json\/wp\/v2\/posts\/1397\/revisions\/1399"}],"wp:attachment":[{"href":"https:\/\/agora.xtec.cat\/escoladetermens\/wp-json\/wp\/v2\/media?parent=1397"}],"wp:term":[{"taxonomy":"category","embeddable":true,"href":"https:\/\/agora.xtec.cat\/escoladetermens\/wp-json\/wp\/v2\/categories?post=1397"},{"taxonomy":"post_tag","embeddable":true,"href":"https:\/\/agora.xtec.cat\/escoladetermens\/wp-json\/wp\/v2\/tags?post=1397"}],"curies":[{"name":"wp","href":"https:\/\/api.w.org\/{rel}","templated":true}]}}