{"id":1393,"date":"2019-02-01T15:10:38","date_gmt":"2019-02-01T14:10:38","guid":{"rendered":"http:\/\/agora.xtec.cat\/escoladetermens\/?p=1393"},"modified":"2019-02-01T15:10:38","modified_gmt":"2019-02-01T14:10:38","slug":"educacio-emocional-2","status":"publish","type":"post","link":"https:\/\/agora.xtec.cat\/escoladetermens\/portada\/educacio-emocional-2\/","title":{"rendered":"EDUCACI\u00d3 EMOCIONAL"},"content":{"rendered":"<div>THE EASY LIFE<\/div>\n<div><\/div>\n<div>A\u00efllar-nos amb una pantalla, perdre la curiositat i l&#8217;inter\u00e8s perqu\u00e8 \u00e9s el m\u00e9s senzill al final t\u00e9 unes conseq\u00fc\u00e8ncies. Aquesta \u00e9s la lectura que han fet avui els alumnes de sis\u00e8 despr\u00e9s de mirar aquest curt metratge. Us animem a visionar-lo i comentar-lo!<\/div>\n<div><\/div>\n<div><a href=\"https:\/\/www.youtube.com\/watch?v=lRkMd0JC-Q0\" target=\"_blank\" rel=\"noopener\" data-saferedirecturl=\"https:\/\/www.google.com\/url?q=https:\/\/www.youtube.com\/watch?v%3DlRkMd0JC-Q0&amp;source=gmail&amp;ust=1549111688306000&amp;usg=AFQjCNEnjYekNIRHfRugTiGAbbfTkj1Hgg\">https:\/\/www.youtube.com\/watch?<wbr \/>v=lRkMd0JC-Q0<\/a><\/div>\n<div><\/div>\n<div><a href=\"https:\/\/agora.xtec.cat\/escoladetermens\/wp-content\/uploads\/usu1845\/2019\/02\/PhotoGrid_1549021832939.jpg\"><img loading=\"lazy\" decoding=\"async\" class=\"alignnone size-full wp-image-1394\" src=\"https:\/\/agora.xtec.cat\/escoladetermens\/wp-content\/uploads\/usu1845\/2019\/02\/PhotoGrid_1549021832939.jpg\" alt=\"\" width=\"1024\" height=\"1024\" srcset=\"https:\/\/agora.xtec.cat\/escoladetermens\/wp-content\/uploads\/usu1845\/2019\/02\/PhotoGrid_1549021832939.jpg 1024w, https:\/\/agora.xtec.cat\/escoladetermens\/wp-content\/uploads\/usu1845\/2019\/02\/PhotoGrid_1549021832939-150x150.jpg 150w, https:\/\/agora.xtec.cat\/escoladetermens\/wp-content\/uploads\/usu1845\/2019\/02\/PhotoGrid_1549021832939-300x300.jpg 300w, https:\/\/agora.xtec.cat\/escoladetermens\/wp-content\/uploads\/usu1845\/2019\/02\/PhotoGrid_1549021832939-768x768.jpg 768w\" sizes=\"auto, (max-width: 1024px) 100vw, 1024px\" \/><\/a><\/div>\n","protected":false},"excerpt":{"rendered":"<p>THE EASY LIFE<\/p>\n<p>A\u00efllar-nos amb una pantalla, perdre la curiositat i l&#8217;inter\u00e8s perqu\u00e8 \u00e9s el m\u00e9s senzill al final t\u00e9 unes conseq\u00fc\u00e8ncies. Aquesta \u00e9s la lectura que han fet avui els alumnes de sis\u00e8 despr\u00e9s de mirar aquest curt metratge. Us animem a visionar-lo i comentar-lo!<\/p>\n<p><a&hellip;  <a href=\"https:\/\/agora.xtec.cat\/escoladetermens\/portada\/educacio-emocional-2\/\" title=\"Read EDUCACI\u00d3 EMOCIONAL\">Llegeix m\u00e9s\u00bb<\/a><\/p>\n","protected":false},"author":1,"featured_media":0,"comment_status":"open","ping_status":"closed","sticky":false,"template":"","format":"standard","meta":{"_bbp_topic_count":0,"_bbp_reply_count":0,"_bbp_total_topic_count":0,"_bbp_total_reply_count":0,"_bbp_voice_count":0,"_bbp_anonymous_reply_count":0,"_bbp_topic_count_hidden":0,"_bbp_reply_count_hidden":0,"_bbp_forum_subforum_count":0,"footnotes":""},"categories":[15,4,5],"tags":[189],"class_list":["post-1393","post","type-post","status-publish","format-standard","hentry","category-6e","category-portada","category-primaria","tag-educacio-emocional"],"post_mailing_queue_ids":[],"_links":{"self":[{"href":"https:\/\/agora.xtec.cat\/escoladetermens\/wp-json\/wp\/v2\/posts\/1393","targetHints":{"allow":["GET"]}}],"collection":[{"href":"https:\/\/agora.xtec.cat\/escoladetermens\/wp-json\/wp\/v2\/posts"}],"about":[{"href":"https:\/\/agora.xtec.cat\/escoladetermens\/wp-json\/wp\/v2\/types\/post"}],"author":[{"embeddable":true,"href":"https:\/\/agora.xtec.cat\/escoladetermens\/wp-json\/wp\/v2\/users\/1"}],"replies":[{"embeddable":true,"href":"https:\/\/agora.xtec.cat\/escoladetermens\/wp-json\/wp\/v2\/comments?post=1393"}],"version-history":[{"count":2,"href":"https:\/\/agora.xtec.cat\/escoladetermens\/wp-json\/wp\/v2\/posts\/1393\/revisions"}],"predecessor-version":[{"id":1396,"href":"https:\/\/agora.xtec.cat\/escoladetermens\/wp-json\/wp\/v2\/posts\/1393\/revisions\/1396"}],"wp:attachment":[{"href":"https:\/\/agora.xtec.cat\/escoladetermens\/wp-json\/wp\/v2\/media?parent=1393"}],"wp:term":[{"taxonomy":"category","embeddable":true,"href":"https:\/\/agora.xtec.cat\/escoladetermens\/wp-json\/wp\/v2\/categories?post=1393"},{"taxonomy":"post_tag","embeddable":true,"href":"https:\/\/agora.xtec.cat\/escoladetermens\/wp-json\/wp\/v2\/tags?post=1393"}],"curies":[{"name":"wp","href":"https:\/\/api.w.org\/{rel}","templated":true}]}}