{"id":1388,"date":"2019-02-01T12:24:13","date_gmt":"2019-02-01T11:24:13","guid":{"rendered":"http:\/\/agora.xtec.cat\/escoladetermens\/?p=1388"},"modified":"2019-02-01T12:24:13","modified_gmt":"2019-02-01T11:24:13","slug":"radio-1-de-febrer","status":"publish","type":"post","link":"https:\/\/agora.xtec.cat\/escoladetermens\/infantil\/radio-1-de-febrer\/","title":{"rendered":"R\u00c0DIO 1 DE FEBRER"},"content":{"rendered":"<p>Avui hem tingut a la r\u00e0dio l&#8217;Alguer i el Jan com a DJ i al Nehuel i la Mireia com a locutors. Els de 5\u00e8 han participat com a col\u00b7laboradors parlant de la c\u00e8l\u00b7lula.<\/p>\n<p>https:\/\/soundcloud.com\/escola-alfred-potrony-546125898\/1-02-19a\/s-8uj82<\/p>\n","protected":false},"excerpt":{"rendered":"<p>Avui hem tingut a la r\u00e0dio l&#8217;Alguer i el Jan com a DJ i al Nehuel i la Mireia com a locutors. Els de 5\u00e8 han participat com a col\u00b7laboradors parlant de la c\u00e8l\u00b7lula.<br \/>\nhttps:\/\/soundcloud.com\/escola-alfred-potrony-546125898\/1-02-19a\/s-8uj82<\/p>\n","protected":false},"author":1,"featured_media":0,"comment_status":"open","ping_status":"closed","sticky":false,"template":"","format":"standard","meta":{"_bbp_topic_count":0,"_bbp_reply_count":0,"_bbp_total_topic_count":0,"_bbp_total_reply_count":0,"_bbp_voice_count":0,"_bbp_anonymous_reply_count":0,"_bbp_topic_count_hidden":0,"_bbp_reply_count_hidden":0,"_bbp_forum_subforum_count":0,"footnotes":""},"categories":[12,14,108,9,2,4,5],"tags":[133],"class_list":["post-1388","post","type-post","status-publish","format-standard","hentry","category-4t","category-5e","category-aula-carles-capdevila","category-i5","category-infantil","category-portada","category-primaria","tag-radio-piruli"],"post_mailing_queue_ids":[],"_links":{"self":[{"href":"https:\/\/agora.xtec.cat\/escoladetermens\/wp-json\/wp\/v2\/posts\/1388","targetHints":{"allow":["GET"]}}],"collection":[{"href":"https:\/\/agora.xtec.cat\/escoladetermens\/wp-json\/wp\/v2\/posts"}],"about":[{"href":"https:\/\/agora.xtec.cat\/escoladetermens\/wp-json\/wp\/v2\/types\/post"}],"author":[{"embeddable":true,"href":"https:\/\/agora.xtec.cat\/escoladetermens\/wp-json\/wp\/v2\/users\/1"}],"replies":[{"embeddable":true,"href":"https:\/\/agora.xtec.cat\/escoladetermens\/wp-json\/wp\/v2\/comments?post=1388"}],"version-history":[{"count":1,"href":"https:\/\/agora.xtec.cat\/escoladetermens\/wp-json\/wp\/v2\/posts\/1388\/revisions"}],"predecessor-version":[{"id":1389,"href":"https:\/\/agora.xtec.cat\/escoladetermens\/wp-json\/wp\/v2\/posts\/1388\/revisions\/1389"}],"wp:attachment":[{"href":"https:\/\/agora.xtec.cat\/escoladetermens\/wp-json\/wp\/v2\/media?parent=1388"}],"wp:term":[{"taxonomy":"category","embeddable":true,"href":"https:\/\/agora.xtec.cat\/escoladetermens\/wp-json\/wp\/v2\/categories?post=1388"},{"taxonomy":"post_tag","embeddable":true,"href":"https:\/\/agora.xtec.cat\/escoladetermens\/wp-json\/wp\/v2\/tags?post=1388"}],"curies":[{"name":"wp","href":"https:\/\/api.w.org\/{rel}","templated":true}]}}