{"id":1362,"date":"2019-01-27T11:54:09","date_gmt":"2019-01-27T10:54:09","guid":{"rendered":"http:\/\/agora.xtec.cat\/escoladetermens\/?p=1362"},"modified":"2019-01-27T11:56:31","modified_gmt":"2019-01-27T10:56:31","slug":"balaguer-tv","status":"publish","type":"post","link":"https:\/\/agora.xtec.cat\/escoladetermens\/portada\/balaguer-tv\/","title":{"rendered":"BALAGUER TV"},"content":{"rendered":"<p>No s\u00e9 si vau escoltar el programa de r\u00e0dio. En la secci\u00f3 de cultura us vam informar que divendres a la tarda havien de venir \u00a0Balaguer Tv per veure com els alumnes de 6\u00e8 treballaven la imatge en moviment. I \u00e9s que una de les activitats que han de fer \u00e9s enregistrar <strong>un espot publicitari de la setmana de la prevenci\u00f3<\/strong>: l&#8217;han de dissenyar, enregistrar i editar!<\/p>\n<p>TV Balaguer far\u00e0 un reportatge que sortir\u00e0 <strong>dilluns a les 14:00h per Lleida Tv i a les 16:00h per Elpuntavui TV.<\/strong> No us ho podeu perdre!!!!<\/p>\n<p><a href=\"https:\/\/agora.xtec.cat\/escoladetermens\/wp-content\/uploads\/usu1845\/2019\/01\/BalaguerTV.jpg\"><img loading=\"lazy\" decoding=\"async\" class=\"alignnone size-full wp-image-1363\" src=\"https:\/\/agora.xtec.cat\/escoladetermens\/wp-content\/uploads\/usu1845\/2019\/01\/BalaguerTV.jpg\" alt=\"\" width=\"234\" height=\"216\" \/><\/a><\/p>\n","protected":false},"excerpt":{"rendered":"<p>No s\u00e9 si vau escoltar el programa de r\u00e0dio. En la secci\u00f3 de cultura us vam informar que divendres a la tarda havien de venir \u00a0Balaguer Tv per veure com els alumnes de 6\u00e8 treballaven la imatge en moviment. I \u00e9s que una de les&hellip;  <a href=\"https:\/\/agora.xtec.cat\/escoladetermens\/portada\/balaguer-tv\/\" title=\"Read BALAGUER TV\">Llegeix m\u00e9s\u00bb<\/a><\/p>\n","protected":false},"author":1,"featured_media":0,"comment_status":"open","ping_status":"closed","sticky":false,"template":"","format":"standard","meta":{"_bbp_topic_count":0,"_bbp_reply_count":0,"_bbp_total_topic_count":0,"_bbp_total_reply_count":0,"_bbp_voice_count":0,"_bbp_anonymous_reply_count":0,"_bbp_topic_count_hidden":0,"_bbp_reply_count_hidden":0,"_bbp_forum_subforum_count":0,"footnotes":""},"categories":[15,108,4,5],"tags":[202],"class_list":["post-1362","post","type-post","status-publish","format-standard","hentry","category-6e","category-aula-carles-capdevila","category-portada","category-primaria","tag-competencia-digital"],"post_mailing_queue_ids":[],"_links":{"self":[{"href":"https:\/\/agora.xtec.cat\/escoladetermens\/wp-json\/wp\/v2\/posts\/1362","targetHints":{"allow":["GET"]}}],"collection":[{"href":"https:\/\/agora.xtec.cat\/escoladetermens\/wp-json\/wp\/v2\/posts"}],"about":[{"href":"https:\/\/agora.xtec.cat\/escoladetermens\/wp-json\/wp\/v2\/types\/post"}],"author":[{"embeddable":true,"href":"https:\/\/agora.xtec.cat\/escoladetermens\/wp-json\/wp\/v2\/users\/1"}],"replies":[{"embeddable":true,"href":"https:\/\/agora.xtec.cat\/escoladetermens\/wp-json\/wp\/v2\/comments?post=1362"}],"version-history":[{"count":3,"href":"https:\/\/agora.xtec.cat\/escoladetermens\/wp-json\/wp\/v2\/posts\/1362\/revisions"}],"predecessor-version":[{"id":1366,"href":"https:\/\/agora.xtec.cat\/escoladetermens\/wp-json\/wp\/v2\/posts\/1362\/revisions\/1366"}],"wp:attachment":[{"href":"https:\/\/agora.xtec.cat\/escoladetermens\/wp-json\/wp\/v2\/media?parent=1362"}],"wp:term":[{"taxonomy":"category","embeddable":true,"href":"https:\/\/agora.xtec.cat\/escoladetermens\/wp-json\/wp\/v2\/categories?post=1362"},{"taxonomy":"post_tag","embeddable":true,"href":"https:\/\/agora.xtec.cat\/escoladetermens\/wp-json\/wp\/v2\/tags?post=1362"}],"curies":[{"name":"wp","href":"https:\/\/api.w.org\/{rel}","templated":true}]}}