{"id":1341,"date":"2019-01-21T12:11:05","date_gmt":"2019-01-21T11:11:05","guid":{"rendered":"http:\/\/agora.xtec.cat\/escoladetermens\/?p=1341"},"modified":"2019-01-21T12:17:11","modified_gmt":"2019-01-21T11:17:11","slug":"radio-21-de-gener","status":"publish","type":"post","link":"https:\/\/agora.xtec.cat\/escoladetermens\/portada\/radio-21-de-gener\/","title":{"rendered":"R\u00c0DIO 21 DE GENER"},"content":{"rendered":"<p>Avui ens han vingut a fer conversa el Gen\u00eds i el Robert de la classe de cinqu\u00e8. Hem parlat de les noves tecnologies i de la Festa Major de T\u00e9rmens.<\/p>\n<p>https:\/\/soundcloud.com\/escola-alfred-potrony-546125898\/conversa-5e-genis-i-robert\/s-Hvajl<\/p>\n","protected":false},"excerpt":{"rendered":"<p>Avui ens han vingut a fer conversa el Gen\u00eds i el Robert de la classe de cinqu\u00e8. Hem parlat de les noves tecnologies i de la Festa Major de T\u00e9rmens.<br \/>\nhttps:\/\/soundcloud.com\/escola-alfred-potrony-546125898\/conversa-5e-genis-i-robert\/s-Hvajl<\/p>\n","protected":false},"author":1,"featured_media":0,"comment_status":"open","ping_status":"closed","sticky":false,"template":"","format":"standard","meta":{"_bbp_topic_count":0,"_bbp_reply_count":0,"_bbp_total_topic_count":0,"_bbp_total_reply_count":0,"_bbp_voice_count":0,"_bbp_anonymous_reply_count":0,"_bbp_topic_count_hidden":0,"_bbp_reply_count_hidden":0,"_bbp_forum_subforum_count":0,"footnotes":""},"categories":[14,108,4,5],"tags":[133],"class_list":["post-1341","post","type-post","status-publish","format-standard","hentry","category-5e","category-aula-carles-capdevila","category-portada","category-primaria","tag-radio-piruli"],"post_mailing_queue_ids":[],"_links":{"self":[{"href":"https:\/\/agora.xtec.cat\/escoladetermens\/wp-json\/wp\/v2\/posts\/1341","targetHints":{"allow":["GET"]}}],"collection":[{"href":"https:\/\/agora.xtec.cat\/escoladetermens\/wp-json\/wp\/v2\/posts"}],"about":[{"href":"https:\/\/agora.xtec.cat\/escoladetermens\/wp-json\/wp\/v2\/types\/post"}],"author":[{"embeddable":true,"href":"https:\/\/agora.xtec.cat\/escoladetermens\/wp-json\/wp\/v2\/users\/1"}],"replies":[{"embeddable":true,"href":"https:\/\/agora.xtec.cat\/escoladetermens\/wp-json\/wp\/v2\/comments?post=1341"}],"version-history":[{"count":2,"href":"https:\/\/agora.xtec.cat\/escoladetermens\/wp-json\/wp\/v2\/posts\/1341\/revisions"}],"predecessor-version":[{"id":1343,"href":"https:\/\/agora.xtec.cat\/escoladetermens\/wp-json\/wp\/v2\/posts\/1341\/revisions\/1343"}],"wp:attachment":[{"href":"https:\/\/agora.xtec.cat\/escoladetermens\/wp-json\/wp\/v2\/media?parent=1341"}],"wp:term":[{"taxonomy":"category","embeddable":true,"href":"https:\/\/agora.xtec.cat\/escoladetermens\/wp-json\/wp\/v2\/categories?post=1341"},{"taxonomy":"post_tag","embeddable":true,"href":"https:\/\/agora.xtec.cat\/escoladetermens\/wp-json\/wp\/v2\/tags?post=1341"}],"curies":[{"name":"wp","href":"https:\/\/api.w.org\/{rel}","templated":true}]}}