{"id":1281,"date":"2019-01-14T12:35:40","date_gmt":"2019-01-14T11:35:40","guid":{"rendered":"http:\/\/agora.xtec.cat\/escoladetermens\/?p=1281"},"modified":"2019-01-14T12:35:40","modified_gmt":"2019-01-14T11:35:40","slug":"canvi-de-sintonia","status":"publish","type":"post","link":"https:\/\/agora.xtec.cat\/escoladetermens\/portada\/canvi-de-sintonia\/","title":{"rendered":"CANVI DE SINTONIA"},"content":{"rendered":"<p>Doncs, s\u00ed. Heu notat un canvi en la sintonia de la R\u00e0dio Piruli.<\/p>\n<p>Els alumnes de 4t van estar creant la nova sintonia per la r\u00e0dio a la classe de m\u00fasica. I aqu\u00ed teniu un resultat ben diferent de l&#8217;anterior.<\/p>\n<p>Van aprendre a utilitzar el programa Garagband per crear composicions musicals.<\/p>\n<p>https:\/\/soundcloud.com\/escola-alfred-potrony\/sintonia-inici-programa-17-18\/s-XUTUz<\/p>\n<p>https:\/\/soundcloud.com\/escola-alfred-potrony\/sintonia-inici-amb-veus\/s-YIiN6<\/p>\n","protected":false},"excerpt":{"rendered":"<p>Doncs, s\u00ed. Heu notat un canvi en la sintonia de la R\u00e0dio Piruli.<br \/>\nEls alumnes de 4t van estar creant la nova sintonia per la r\u00e0dio a la classe de m\u00fasica. I aqu\u00ed teniu un resultat ben diferent de l&#8217;anterior.<br \/>\nVan aprendre a utilitzar el programa Garagband&hellip;  <a href=\"https:\/\/agora.xtec.cat\/escoladetermens\/portada\/canvi-de-sintonia\/\" title=\"Read CANVI DE SINTONIA\">Llegeix m\u00e9s\u00bb<\/a><\/p>\n","protected":false},"author":1,"featured_media":0,"comment_status":"open","ping_status":"closed","sticky":false,"template":"","format":"standard","meta":{"_bbp_topic_count":0,"_bbp_reply_count":0,"_bbp_total_topic_count":0,"_bbp_total_reply_count":0,"_bbp_voice_count":0,"_bbp_anonymous_reply_count":0,"_bbp_topic_count_hidden":0,"_bbp_reply_count_hidden":0,"_bbp_forum_subforum_count":0,"footnotes":""},"categories":[108,93,4,5],"tags":[133],"class_list":["post-1281","post","type-post","status-publish","format-standard","hentry","category-aula-carles-capdevila","category-musica","category-portada","category-primaria","tag-radio-piruli"],"post_mailing_queue_ids":[],"_links":{"self":[{"href":"https:\/\/agora.xtec.cat\/escoladetermens\/wp-json\/wp\/v2\/posts\/1281","targetHints":{"allow":["GET"]}}],"collection":[{"href":"https:\/\/agora.xtec.cat\/escoladetermens\/wp-json\/wp\/v2\/posts"}],"about":[{"href":"https:\/\/agora.xtec.cat\/escoladetermens\/wp-json\/wp\/v2\/types\/post"}],"author":[{"embeddable":true,"href":"https:\/\/agora.xtec.cat\/escoladetermens\/wp-json\/wp\/v2\/users\/1"}],"replies":[{"embeddable":true,"href":"https:\/\/agora.xtec.cat\/escoladetermens\/wp-json\/wp\/v2\/comments?post=1281"}],"version-history":[{"count":1,"href":"https:\/\/agora.xtec.cat\/escoladetermens\/wp-json\/wp\/v2\/posts\/1281\/revisions"}],"predecessor-version":[{"id":1282,"href":"https:\/\/agora.xtec.cat\/escoladetermens\/wp-json\/wp\/v2\/posts\/1281\/revisions\/1282"}],"wp:attachment":[{"href":"https:\/\/agora.xtec.cat\/escoladetermens\/wp-json\/wp\/v2\/media?parent=1281"}],"wp:term":[{"taxonomy":"category","embeddable":true,"href":"https:\/\/agora.xtec.cat\/escoladetermens\/wp-json\/wp\/v2\/categories?post=1281"},{"taxonomy":"post_tag","embeddable":true,"href":"https:\/\/agora.xtec.cat\/escoladetermens\/wp-json\/wp\/v2\/tags?post=1281"}],"curies":[{"name":"wp","href":"https:\/\/api.w.org\/{rel}","templated":true}]}}