{"id":1100,"date":"2018-11-23T13:28:21","date_gmt":"2018-11-23T12:28:21","guid":{"rendered":"http:\/\/agora.xtec.cat\/escoladetermens\/?p=1100"},"modified":"2018-11-23T13:28:21","modified_gmt":"2018-11-23T12:28:21","slug":"educacio-emocional","status":"publish","type":"post","link":"https:\/\/agora.xtec.cat\/escoladetermens\/portada\/educacio-emocional\/","title":{"rendered":"EDUCACI\u00d3 EMOCIONAL"},"content":{"rendered":"<p>Els alumnes de 5\u00e8 continuen treballant amb l&#8217;Anna Farr\u00e9 el tema de bulling, en concret els diferents papers que s&#8217;adoptem i com ens sentim en una situaci\u00f3 i en una altra.<\/p>\n<p>Per acabar han fet una activitat per veure com afecta les nostres accions a la resta de companys.<\/p>\n<p><a href=\"https:\/\/agora.xtec.cat\/escoladetermens\/wp-content\/uploads\/usu1845\/2018\/11\/ed-emocional.jpg\"><img loading=\"lazy\" decoding=\"async\" class=\"alignnone size-large wp-image-1101\" src=\"https:\/\/agora.xtec.cat\/escoladetermens\/wp-content\/uploads\/usu1845\/2018\/11\/ed-emocional-1024x1024.jpg\" alt=\"\" width=\"1024\" height=\"1024\" srcset=\"https:\/\/agora.xtec.cat\/escoladetermens\/wp-content\/uploads\/usu1845\/2018\/11\/ed-emocional-1024x1024.jpg 1024w, https:\/\/agora.xtec.cat\/escoladetermens\/wp-content\/uploads\/usu1845\/2018\/11\/ed-emocional-150x150.jpg 150w, https:\/\/agora.xtec.cat\/escoladetermens\/wp-content\/uploads\/usu1845\/2018\/11\/ed-emocional-300x300.jpg 300w, https:\/\/agora.xtec.cat\/escoladetermens\/wp-content\/uploads\/usu1845\/2018\/11\/ed-emocional-768x768.jpg 768w, https:\/\/agora.xtec.cat\/escoladetermens\/wp-content\/uploads\/usu1845\/2018\/11\/ed-emocional.jpg 2046w\" sizes=\"auto, (max-width: 1024px) 100vw, 1024px\" \/><\/a><\/p>\n","protected":false},"excerpt":{"rendered":"<p>Els alumnes de 5\u00e8 continuen treballant amb l&#8217;Anna Farr\u00e9 el tema de bulling, en concret els diferents papers que s&#8217;adoptem i com ens sentim en una situaci\u00f3 i en una altra.<br \/>\nPer acabar han fet una activitat per veure com afecta les nostres accions a la&hellip;  <a href=\"https:\/\/agora.xtec.cat\/escoladetermens\/portada\/educacio-emocional\/\" title=\"Read EDUCACI\u00d3 EMOCIONAL\">Llegeix m\u00e9s\u00bb<\/a><\/p>\n","protected":false},"author":1,"featured_media":0,"comment_status":"open","ping_status":"closed","sticky":false,"template":"","format":"standard","meta":{"_bbp_topic_count":0,"_bbp_reply_count":0,"_bbp_total_topic_count":0,"_bbp_total_reply_count":0,"_bbp_voice_count":0,"_bbp_anonymous_reply_count":0,"_bbp_topic_count_hidden":0,"_bbp_reply_count_hidden":0,"_bbp_forum_subforum_count":0,"footnotes":""},"categories":[14,4,5],"tags":[74],"class_list":["post-1100","post","type-post","status-publish","format-standard","hentry","category-5e","category-portada","category-primaria","tag-ed-emocional"],"post_mailing_queue_ids":[],"_links":{"self":[{"href":"https:\/\/agora.xtec.cat\/escoladetermens\/wp-json\/wp\/v2\/posts\/1100","targetHints":{"allow":["GET"]}}],"collection":[{"href":"https:\/\/agora.xtec.cat\/escoladetermens\/wp-json\/wp\/v2\/posts"}],"about":[{"href":"https:\/\/agora.xtec.cat\/escoladetermens\/wp-json\/wp\/v2\/types\/post"}],"author":[{"embeddable":true,"href":"https:\/\/agora.xtec.cat\/escoladetermens\/wp-json\/wp\/v2\/users\/1"}],"replies":[{"embeddable":true,"href":"https:\/\/agora.xtec.cat\/escoladetermens\/wp-json\/wp\/v2\/comments?post=1100"}],"version-history":[{"count":1,"href":"https:\/\/agora.xtec.cat\/escoladetermens\/wp-json\/wp\/v2\/posts\/1100\/revisions"}],"predecessor-version":[{"id":1102,"href":"https:\/\/agora.xtec.cat\/escoladetermens\/wp-json\/wp\/v2\/posts\/1100\/revisions\/1102"}],"wp:attachment":[{"href":"https:\/\/agora.xtec.cat\/escoladetermens\/wp-json\/wp\/v2\/media?parent=1100"}],"wp:term":[{"taxonomy":"category","embeddable":true,"href":"https:\/\/agora.xtec.cat\/escoladetermens\/wp-json\/wp\/v2\/categories?post=1100"},{"taxonomy":"post_tag","embeddable":true,"href":"https:\/\/agora.xtec.cat\/escoladetermens\/wp-json\/wp\/v2\/tags?post=1100"}],"curies":[{"name":"wp","href":"https:\/\/api.w.org\/{rel}","templated":true}]}}