{"id":1082,"date":"2018-11-19T14:42:54","date_gmt":"2018-11-19T13:42:54","guid":{"rendered":"http:\/\/agora.xtec.cat\/escoladetermens\/?p=1082"},"modified":"2018-11-19T14:42:54","modified_gmt":"2018-11-19T13:42:54","slug":"taller-de-matematiques","status":"publish","type":"post","link":"https:\/\/agora.xtec.cat\/escoladetermens\/portada\/taller-de-matematiques\/","title":{"rendered":"TALLER DE MATEM\u00c0TIQUES"},"content":{"rendered":"<p>Avui els nostres alumnes de cicle inicial, quart i sis\u00e8 han tingut la gran sort de fer un taller resoluci\u00f3 de problemes amb la Edelmira Badillo, mestra del departament de did\u00e0ctica de les matem\u00e0tiques de la UAB.<\/p>\n<p><a href=\"https:\/\/photos.app.goo.gl\/2DKFB6rYoW83xtet5\"><img loading=\"lazy\" decoding=\"async\" class=\"alignnone size-full wp-image-1083\" src=\"https:\/\/agora.xtec.cat\/escoladetermens\/wp-content\/uploads\/usu1845\/2018\/11\/MOVIMENT.jpg\" alt=\"\" width=\"559\" height=\"397\" srcset=\"https:\/\/agora.xtec.cat\/escoladetermens\/wp-content\/uploads\/usu1845\/2018\/11\/MOVIMENT.jpg 559w, https:\/\/agora.xtec.cat\/escoladetermens\/wp-content\/uploads\/usu1845\/2018\/11\/MOVIMENT-300x213.jpg 300w\" sizes=\"auto, (max-width: 559px) 100vw, 559px\" \/><\/a><\/p>\n","protected":false},"excerpt":{"rendered":"<p>Avui els nostres alumnes de cicle inicial, quart i sis\u00e8 han tingut la gran sort de fer un taller resoluci\u00f3 de problemes amb la Edelmira Badillo, mestra del departament de did\u00e0ctica de les matem\u00e0tiques de la UAB.<br \/>\n<a href=\"https:\/\/photos.app.goo.gl\/2DKFB6rYoW83xtet5\"><\/a><\/p>\n","protected":false},"author":1,"featured_media":0,"comment_status":"open","ping_status":"closed","sticky":false,"template":"","format":"standard","meta":{"_bbp_topic_count":0,"_bbp_reply_count":0,"_bbp_total_topic_count":0,"_bbp_total_reply_count":0,"_bbp_voice_count":0,"_bbp_anonymous_reply_count":0,"_bbp_topic_count_hidden":0,"_bbp_reply_count_hidden":0,"_bbp_forum_subforum_count":0,"footnotes":""},"categories":[10,11,15,4,5],"tags":[156],"class_list":["post-1082","post","type-post","status-publish","format-standard","hentry","category-2n","category-3r","category-6e","category-portada","category-primaria","tag-matematiques"],"post_mailing_queue_ids":[],"_links":{"self":[{"href":"https:\/\/agora.xtec.cat\/escoladetermens\/wp-json\/wp\/v2\/posts\/1082","targetHints":{"allow":["GET"]}}],"collection":[{"href":"https:\/\/agora.xtec.cat\/escoladetermens\/wp-json\/wp\/v2\/posts"}],"about":[{"href":"https:\/\/agora.xtec.cat\/escoladetermens\/wp-json\/wp\/v2\/types\/post"}],"author":[{"embeddable":true,"href":"https:\/\/agora.xtec.cat\/escoladetermens\/wp-json\/wp\/v2\/users\/1"}],"replies":[{"embeddable":true,"href":"https:\/\/agora.xtec.cat\/escoladetermens\/wp-json\/wp\/v2\/comments?post=1082"}],"version-history":[{"count":1,"href":"https:\/\/agora.xtec.cat\/escoladetermens\/wp-json\/wp\/v2\/posts\/1082\/revisions"}],"predecessor-version":[{"id":1084,"href":"https:\/\/agora.xtec.cat\/escoladetermens\/wp-json\/wp\/v2\/posts\/1082\/revisions\/1084"}],"wp:attachment":[{"href":"https:\/\/agora.xtec.cat\/escoladetermens\/wp-json\/wp\/v2\/media?parent=1082"}],"wp:term":[{"taxonomy":"category","embeddable":true,"href":"https:\/\/agora.xtec.cat\/escoladetermens\/wp-json\/wp\/v2\/categories?post=1082"},{"taxonomy":"post_tag","embeddable":true,"href":"https:\/\/agora.xtec.cat\/escoladetermens\/wp-json\/wp\/v2\/tags?post=1082"}],"curies":[{"name":"wp","href":"https:\/\/api.w.org\/{rel}","templated":true}]}}