{"id":1054,"date":"2018-11-14T13:37:23","date_gmt":"2018-11-14T12:37:23","guid":{"rendered":"http:\/\/agora.xtec.cat\/escoladetermens\/?p=1054"},"modified":"2018-11-14T13:37:23","modified_gmt":"2018-11-14T12:37:23","slug":"article-del-novembre","status":"publish","type":"post","link":"https:\/\/agora.xtec.cat\/escoladetermens\/infantil\/article-del-novembre\/","title":{"rendered":"ARTICLE DEL NOVEMBRE"},"content":{"rendered":"<p><span style=\"font-size: large;\"><span style=\"color: #000000; font-family: inherit;\">Escola i fam\u00edlia s\u00f3n dos entorns que ajuden a cr\u00e9ixer<\/span><span style=\"color: #000000; font-family: inherit;\">\u00a0als infants com a persones. Per assolir aquest objectiu \u00a0i recolzar la tasca educativa dels pares de la nostra escola us fem arribar el segon article del m\u00e9s, aquest cop sobre com ens comuniquem amb els nostres fills\/es.<\/span><\/span><\/p>\n<p><a href=\"https:\/\/agora.xtec.cat\/escoladetermens\/wp-content\/uploads\/usu1845\/2018\/11\/De-qu\u00e9-hablas-con-tus-hijos..pdf\">De qu\u00e9 hablas con tus hijos.<\/a><\/p>\n<p><a href=\"https:\/\/agora.xtec.cat\/escoladetermens\/wp-content\/uploads\/usu1845\/2018\/11\/10-frases-para-comunicarnos-de-manera-positiva-con-nuestros-hijos.pdf\">10 frases para comunicarnos de manera positiva con nuestros hijos<\/a><\/p>\n<p>&nbsp;<\/p>\n","protected":false},"excerpt":{"rendered":"<p>Escola i fam\u00edlia s\u00f3n dos entorns que ajuden a cr\u00e9ixer\u00a0als infants com a persones. Per assolir aquest objectiu \u00a0i recolzar la tasca educativa dels pares de la nostra escola us fem arribar el segon article del m\u00e9s, aquest cop sobre com ens comuniquem amb els&hellip;  <a href=\"https:\/\/agora.xtec.cat\/escoladetermens\/infantil\/article-del-novembre\/\" title=\"Read ARTICLE DEL NOVEMBRE\">Llegeix m\u00e9s\u00bb<\/a><\/p>\n","protected":false},"author":1,"featured_media":0,"comment_status":"open","ping_status":"closed","sticky":false,"template":"","format":"standard","meta":{"_bbp_topic_count":0,"_bbp_reply_count":0,"_bbp_total_topic_count":0,"_bbp_total_reply_count":0,"_bbp_voice_count":0,"_bbp_anonymous_reply_count":0,"_bbp_topic_count_hidden":0,"_bbp_reply_count_hidden":0,"_bbp_forum_subforum_count":0,"footnotes":""},"categories":[10,11,12,14,15,3,9,2,4,5],"tags":[169,74],"class_list":["post-1054","post","type-post","status-publish","format-standard","hentry","category-2n","category-3r","category-4t","category-5e","category-6e","category-i3-i4","category-i5","category-infantil","category-portada","category-primaria","tag-article","tag-ed-emocional"],"post_mailing_queue_ids":[],"_links":{"self":[{"href":"https:\/\/agora.xtec.cat\/escoladetermens\/wp-json\/wp\/v2\/posts\/1054","targetHints":{"allow":["GET"]}}],"collection":[{"href":"https:\/\/agora.xtec.cat\/escoladetermens\/wp-json\/wp\/v2\/posts"}],"about":[{"href":"https:\/\/agora.xtec.cat\/escoladetermens\/wp-json\/wp\/v2\/types\/post"}],"author":[{"embeddable":true,"href":"https:\/\/agora.xtec.cat\/escoladetermens\/wp-json\/wp\/v2\/users\/1"}],"replies":[{"embeddable":true,"href":"https:\/\/agora.xtec.cat\/escoladetermens\/wp-json\/wp\/v2\/comments?post=1054"}],"version-history":[{"count":1,"href":"https:\/\/agora.xtec.cat\/escoladetermens\/wp-json\/wp\/v2\/posts\/1054\/revisions"}],"predecessor-version":[{"id":1059,"href":"https:\/\/agora.xtec.cat\/escoladetermens\/wp-json\/wp\/v2\/posts\/1054\/revisions\/1059"}],"wp:attachment":[{"href":"https:\/\/agora.xtec.cat\/escoladetermens\/wp-json\/wp\/v2\/media?parent=1054"}],"wp:term":[{"taxonomy":"category","embeddable":true,"href":"https:\/\/agora.xtec.cat\/escoladetermens\/wp-json\/wp\/v2\/categories?post=1054"},{"taxonomy":"post_tag","embeddable":true,"href":"https:\/\/agora.xtec.cat\/escoladetermens\/wp-json\/wp\/v2\/tags?post=1054"}],"curies":[{"name":"wp","href":"https:\/\/api.w.org\/{rel}","templated":true}]}}