{"id":9987,"date":"2024-05-29T17:55:00","date_gmt":"2024-05-29T15:55:00","guid":{"rendered":"https:\/\/agora.xtec.cat\/escolademusicsijpc\/?p=9987"},"modified":"2024-05-29T17:55:00","modified_gmt":"2024-05-29T15:55:00","slug":"les-miserables","status":"publish","type":"post","link":"https:\/\/agora.xtec.cat\/escolademusicsijpc\/general\/les-miserables\/","title":{"rendered":"Les Mis\u00e9rables"},"content":{"rendered":"<p>@thepoprockers_lem de l&#8217;escola de m\u00fasics presenta els pr\u00f2xims dies 18 i 19 de Juny a les 19h a la sala teatre del CCCB la seva versi\u00f3 del cl\u00e0ssic del musical Els Miserables. \u00a0<a href=\"https:\/\/www.facebook.com\/hashtag\/barcelona?__eep__=6&amp;__cft__[0]=AZULSQr1n_DJdyDXYEV1K51UdN4AIPqgvIJCzGWYeN0I-2EokWkMQr2YtG_4sdg-27bLVXM5qRWeq1v87aAWl8AQtJID0bY0M2ORVr1REWmZG9q7yU1gngTGc0OTrG88h76FfKnGHBJUuRf4DDSh2GlUbliEAzHGfSBgaCYLa6U9EYBGWRpUibeBnNUI4u-gi6RxlytGLsq_w_tHDVLbQcEr&amp;__tn__=*NK*F\">#Barcelona<\/a>\u00a0<a href=\"https:\/\/www.facebook.com\/hashtag\/raval?__eep__=6&amp;__cft__[0]=AZULSQr1n_DJdyDXYEV1K51UdN4AIPqgvIJCzGWYeN0I-2EokWkMQr2YtG_4sdg-27bLVXM5qRWeq1v87aAWl8AQtJID0bY0M2ORVr1REWmZG9q7yU1gngTGc0OTrG88h76FfKnGHBJUuRf4DDSh2GlUbliEAzHGfSBgaCYLa6U9EYBGWRpUibeBnNUI4u-gi6RxlytGLsq_w_tHDVLbQcEr&amp;__tn__=*NK*F\">#Raval<\/a>\u00a0<a href=\"https:\/\/www.facebook.com\/hashtag\/lescoladem%C3%BAsics?__eep__=6&amp;__cft__[0]=AZULSQr1n_DJdyDXYEV1K51UdN4AIPqgvIJCzGWYeN0I-2EokWkMQr2YtG_4sdg-27bLVXM5qRWeq1v87aAWl8AQtJID0bY0M2ORVr1REWmZG9q7yU1gngTGc0OTrG88h76FfKnGHBJUuRf4DDSh2GlUbliEAzHGfSBgaCYLa6U9EYBGWRpUibeBnNUI4u-gi6RxlytGLsq_w_tHDVLbQcEr&amp;__tn__=*NK*F\">#lescoladem\u00fasics<\/a>\u00a0<a href=\"https:\/\/www.facebook.com\/hashtag\/art?__eep__=6&amp;__cft__[0]=AZULSQr1n_DJdyDXYEV1K51UdN4AIPqgvIJCzGWYeN0I-2EokWkMQr2YtG_4sdg-27bLVXM5qRWeq1v87aAWl8AQtJID0bY0M2ORVr1REWmZG9q7yU1gngTGc0OTrG88h76FfKnGHBJUuRf4DDSh2GlUbliEAzHGfSBgaCYLa6U9EYBGWRpUibeBnNUI4u-gi6RxlytGLsq_w_tHDVLbQcEr&amp;__tn__=*NK*F\">#art<\/a>\u00a0<a href=\"https:\/\/www.facebook.com\/hashtag\/cultura?__eep__=6&amp;__cft__[0]=AZULSQr1n_DJdyDXYEV1K51UdN4AIPqgvIJCzGWYeN0I-2EokWkMQr2YtG_4sdg-27bLVXM5qRWeq1v87aAWl8AQtJID0bY0M2ORVr1REWmZG9q7yU1gngTGc0OTrG88h76FfKnGHBJUuRf4DDSh2GlUbliEAzHGfSBgaCYLa6U9EYBGWRpUibeBnNUI4u-gi6RxlytGLsq_w_tHDVLbQcEr&amp;__tn__=*NK*F\">#cultura<\/a><\/p>\n<p><a href=\"https:\/\/agora.xtec.cat\/escolademusicsijpc\/wp-content\/uploads\/usu459\/2024\/05\/445198081_974716037775708_2639182577295675829_n.jpg\"><img loading=\"lazy\" decoding=\"async\" class=\"aligncenter size-large wp-image-9988\" src=\"https:\/\/agora.xtec.cat\/escolademusicsijpc\/wp-content\/uploads\/usu459\/2024\/05\/445198081_974716037775708_2639182577295675829_n-819x1024.jpg\" alt=\"\" width=\"819\" height=\"1024\" srcset=\"https:\/\/agora.xtec.cat\/escolademusicsijpc\/wp-content\/uploads\/usu459\/2024\/05\/445198081_974716037775708_2639182577295675829_n-819x1024.jpg 819w, https:\/\/agora.xtec.cat\/escolademusicsijpc\/wp-content\/uploads\/usu459\/2024\/05\/445198081_974716037775708_2639182577295675829_n-240x300.jpg 240w, https:\/\/agora.xtec.cat\/escolademusicsijpc\/wp-content\/uploads\/usu459\/2024\/05\/445198081_974716037775708_2639182577295675829_n-768x960.jpg 768w, https:\/\/agora.xtec.cat\/escolademusicsijpc\/wp-content\/uploads\/usu459\/2024\/05\/445198081_974716037775708_2639182577295675829_n-1229x1536.jpg 1229w, https:\/\/agora.xtec.cat\/escolademusicsijpc\/wp-content\/uploads\/usu459\/2024\/05\/445198081_974716037775708_2639182577295675829_n.jpg 1440w\" sizes=\"auto, (max-width: 819px) 100vw, 819px\" \/><\/a><\/p>\n","protected":false},"excerpt":{"rendered":"<p>@thepoprockers_lem de l&#8217;escola de m\u00fasics presenta els pr\u00f2xims dies 18 i 19 de Juny a les 19h a la sala teatre del CCCB la seva versi\u00f3 del cl\u00e0ssic del musical Els Miserables. \u00a0<a href=\"https:\/\/www.facebook.com\/hashtag\/barcelona?__eep__=6&amp;__cft__[0]=AZULSQr1n_DJdyDXYEV1K51UdN4AIPqgvIJCzGWYeN0I-2EokWkMQr2YtG_4sdg-27bLVXM5qRWeq1v87aAWl8AQtJID0bY0M2ORVr1REWmZG9q7yU1gngTGc0OTrG88h76FfKnGHBJUuRf4DDSh2GlUbliEAzHGfSBgaCYLa6U9EYBGWRpUibeBnNUI4u-gi6RxlytGLsq_w_tHDVLbQcEr&amp;__tn__=*NK*F\">#Barcelona<\/a>\u00a0<a href=\"https:\/\/www.facebook.com\/hashtag\/raval?__eep__=6&amp;__cft__[0]=AZULSQr1n_DJdyDXYEV1K51UdN4AIPqgvIJCzGWYeN0I-2EokWkMQr2YtG_4sdg-27bLVXM5qRWeq1v87aAWl8AQtJID0bY0M2ORVr1REWmZG9q7yU1gngTGc0OTrG88h76FfKnGHBJUuRf4DDSh2GlUbliEAzHGfSBgaCYLa6U9EYBGWRpUibeBnNUI4u-gi6RxlytGLsq_w_tHDVLbQcEr&amp;__tn__=*NK*F\">#Raval<\/a>\u00a0<a href=\"https:\/\/www.facebook.com\/hashtag\/lescoladem%C3%BAsics?__eep__=6&amp;__cft__[0]=AZULSQr1n_DJdyDXYEV1K51UdN4AIPqgvIJCzGWYeN0I-2EokWkMQr2YtG_4sdg-27bLVXM5qRWeq1v87aAWl8AQtJID0bY0M2ORVr1REWmZG9q7yU1gngTGc0OTrG88h76FfKnGHBJUuRf4DDSh2GlUbliEAzHGfSBgaCYLa6U9EYBGWRpUibeBnNUI4u-gi6RxlytGLsq_w_tHDVLbQcEr&amp;__tn__=*NK*F\">#lescoladem\u00fasics<\/a>\u00a0<a href=\"https:\/\/www.facebook.com\/hashtag\/art?__eep__=6&amp;__cft__[0]=AZULSQr1n_DJdyDXYEV1K51UdN4AIPqgvIJCzGWYeN0I-2EokWkMQr2YtG_4sdg-27bLVXM5qRWeq1v87aAWl8AQtJID0bY0M2ORVr1REWmZG9q7yU1gngTGc0OTrG88h76FfKnGHBJUuRf4DDSh2GlUbliEAzHGfSBgaCYLa6U9EYBGWRpUibeBnNUI4u-gi6RxlytGLsq_w_tHDVLbQcEr&amp;__tn__=*NK*F\">#art<\/a>\u00a0<a href=\"https:\/\/www.facebook.com\/hashtag\/cultura?__eep__=6&amp;__cft__[0]=AZULSQr1n_DJdyDXYEV1K51UdN4AIPqgvIJCzGWYeN0I-2EokWkMQr2YtG_4sdg-27bLVXM5qRWeq1v87aAWl8AQtJID0bY0M2ORVr1REWmZG9q7yU1gngTGc0OTrG88h76FfKnGHBJUuRf4DDSh2GlUbliEAzHGfSBgaCYLa6U9EYBGWRpUibeBnNUI4u-gi6RxlytGLsq_w_tHDVLbQcEr&amp;__tn__=*NK*F\">#cultura<\/a><br \/>\n<a href=\"https:\/\/agora.xtec.cat\/escolademusicsijpc\/wp-content\/uploads\/usu459\/2024\/05\/445198081_974716037775708_2639182577295675829_n.jpg\"><\/a><\/p>\n","protected":false},"author":3,"featured_media":9988,"comment_status":"open","ping_status":"closed","sticky":false,"template":"","format":"standard","meta":{"_bbp_topic_count":0,"_bbp_reply_count":0,"_bbp_total_topic_count":0,"_bbp_total_reply_count":0,"_bbp_voice_count":0,"_bbp_anonymous_reply_count":0,"_bbp_topic_count_hidden":0,"_bbp_reply_count_hidden":0,"_bbp_forum_subforum_count":0,"footnotes":""},"categories":[66,1,141,104],"tags":[],"class_list":["post-9987","post","type-post","status-publish","format-standard","has-post-thumbnail","hentry","category-corals","category-general","category-the-pop-rockers","category-uncategorized"],"post_mailing_queue_ids":[],"_links":{"self":[{"href":"https:\/\/agora.xtec.cat\/escolademusicsijpc\/wp-json\/wp\/v2\/posts\/9987","targetHints":{"allow":["GET"]}}],"collection":[{"href":"https:\/\/agora.xtec.cat\/escolademusicsijpc\/wp-json\/wp\/v2\/posts"}],"about":[{"href":"https:\/\/agora.xtec.cat\/escolademusicsijpc\/wp-json\/wp\/v2\/types\/post"}],"author":[{"embeddable":true,"href":"https:\/\/agora.xtec.cat\/escolademusicsijpc\/wp-json\/wp\/v2\/users\/3"}],"replies":[{"embeddable":true,"href":"https:\/\/agora.xtec.cat\/escolademusicsijpc\/wp-json\/wp\/v2\/comments?post=9987"}],"version-history":[{"count":1,"href":"https:\/\/agora.xtec.cat\/escolademusicsijpc\/wp-json\/wp\/v2\/posts\/9987\/revisions"}],"predecessor-version":[{"id":9989,"href":"https:\/\/agora.xtec.cat\/escolademusicsijpc\/wp-json\/wp\/v2\/posts\/9987\/revisions\/9989"}],"wp:featuredmedia":[{"embeddable":true,"href":"https:\/\/agora.xtec.cat\/escolademusicsijpc\/wp-json\/wp\/v2\/media\/9988"}],"wp:attachment":[{"href":"https:\/\/agora.xtec.cat\/escolademusicsijpc\/wp-json\/wp\/v2\/media?parent=9987"}],"wp:term":[{"taxonomy":"category","embeddable":true,"href":"https:\/\/agora.xtec.cat\/escolademusicsijpc\/wp-json\/wp\/v2\/categories?post=9987"},{"taxonomy":"post_tag","embeddable":true,"href":"https:\/\/agora.xtec.cat\/escolademusicsijpc\/wp-json\/wp\/v2\/tags?post=9987"}],"curies":[{"name":"wp","href":"https:\/\/api.w.org\/{rel}","templated":true}]}}