{"id":9981,"date":"2024-05-13T20:33:53","date_gmt":"2024-05-13T18:33:53","guid":{"rendered":"https:\/\/agora.xtec.cat\/escolademusicsijpc\/?p=9981"},"modified":"2024-05-13T20:33:57","modified_gmt":"2024-05-13T18:33:57","slug":"preinscripcions-2024-25","status":"publish","type":"post","link":"https:\/\/agora.xtec.cat\/escolademusicsijpc\/general\/preinscripcions-2024-25\/","title":{"rendered":"PREINSCRIPCIONS 2024\/25"},"content":{"rendered":"\r\n<p><strong>Benvolguts alumnes, mares i pares de L\u2019Escola de M\u00fasics i JPC.\u00a0Us recordem que el 19 de maig \u00e9s l\u2019\u00faltim dia per a fer les preinscripcions per al curs 2024-25 amb descomptes.<\/strong><\/p>\r\n\r\n\r\n\r\n<p><strong>Aprofiteu els descomptes!!!<\/strong> <a href=\"https:\/\/agora.xtec.cat\/escolademusicsijpc\/wp-content\/uploads\/usu459\/2024\/05\/image.png\"><img loading=\"lazy\" decoding=\"async\" class=\"aligncenter size-full wp-image-9982\" src=\"https:\/\/agora.xtec.cat\/escolademusicsijpc\/wp-content\/uploads\/usu459\/2024\/05\/image.png\" alt=\"\" width=\"301\" height=\"410\" srcset=\"https:\/\/agora.xtec.cat\/escolademusicsijpc\/wp-content\/uploads\/usu459\/2024\/05\/image.png 301w, https:\/\/agora.xtec.cat\/escolademusicsijpc\/wp-content\/uploads\/usu459\/2024\/05\/image-220x300.png 220w\" sizes=\"auto, (max-width: 301px) 100vw, 301px\" \/><\/a><\/p>\r\n\r\n\r\n\r\n<p><strong>Us poseu preinscriure en les seg\u00fcent opcions.\u00a0<\/strong><\/p>\r\n\r\n\r\n\r\n<p><strong>1.- Aquest curs es far\u00e0 mitjan\u00e7ant el programa GWIDO.\u00a0<\/strong><\/p>\r\n\r\n\r\n\r\n<figure class=\"wp-block-image\"><a href=\"https:\/\/lescolademusicsijpc.files.wordpress.com\/2023\/05\/unnamed-1.gif\"><img decoding=\"async\" class=\"wp-image-11721\" src=\"https:\/\/lescolademusicsijpc.files.wordpress.com\/2023\/05\/unnamed-1.gif?w=1024\" alt=\"\" \/><\/a><\/figure>\r\n\r\n\r\n\r\n<p><strong>Si alg\u00fa te algun problema per accedir ens ho dieu i us enviarem un enlla\u00e7 o podeu venir a fer-la a secretaria.<\/strong><\/p>\r\n\r\n\r\n\r\n<p><strong>2.- Si actualment no sou alumnes de l\u2019escola podeu fer la preinscripci\u00f3 mitjan\u00e7ant aquest enlla\u00e7:\u00a0<\/strong><a href=\"https:\/\/escolademusicsijpc.gwido.cat\/inscripcio_ciutadana\/public\/periodes_oberts?c=1\">https:\/\/escolademusicsijpc.gwido.cat\/inscripcio_ciutadana\/public\/periodes_oberts?c=1<\/a><\/p>\r\n\r\n\r\n\r\n<p>Us fem arribar la normativa, dies i horaris de\u00a0preinscripci\u00f3\u00a0i matriculaci\u00f3 perqu\u00e8 penseu quines assignatures i quines disponibilitats hor\u00e0ries voldreu fer el curs\u00a02024-25.<\/p>\r\n\r\n\r\n\r\n<p><strong><u>PREINSCRIPCIONS\u00a0CURS\u00a02024-25<\/u><\/strong><strong><u>\u00a0<\/u><\/strong><\/p>\r\n\r\n\r\n\r\n<p><strong><u>Criteris a l\u2019hora de fer els horaris<\/u><\/strong><\/p>\r\n\r\n\r\n\r\n<p><strong>1.\u00a0\u00a0<\/strong>\u00a0\u00a0\u00a0\u00a0Tindran prefer\u00e8ncia els alumnes que facin el programa oficial.<\/p>\r\n\r\n\r\n\r\n<p>a.\u00a0<strong>Classes Grupals:\u00a0<\/strong>\u00a0Tindran prefer\u00e8ncia tots aquells antics alumnes que es prescriguin\u00a0en el programa oficial i\u00a0<strong>es tancaran\u00a0els\u00a0grups per estricte ordre d\u2019arribada.<\/strong><\/p>\r\n\r\n\r\n\r\n<p>b.\u00a0<strong>Classes individuals<\/strong>: Tindran prefer\u00e8ncia tots aquells antics alumnes que es prescriguin\u00a0en el programa oficial\u00a0i\u00a0<strong>els horaris es confeccionaran segons l\u2019edat de cada alumne<\/strong>\u00a0(els petits m\u00e9s aviat i els grans m\u00e9s tard).<\/p>\r\n\r\n\r\n\r\n<p><strong>2.\u00a0\u00a0\u00a0<\/strong>\u00a0\u00a0\u00a0Tindran prefer\u00e8ncia hor\u00e0ria tots aquells alumnes que es matriculin abans del 19 de maig.<\/p>\r\n\r\n\r\n\r\n<p><strong>3.\u00a0<\/strong>\u00a0\u00a0\u00a0\u00a0\u00a0Germans.<\/p>\r\n\r\n\r\n\r\n<p><strong>4.\u00a0\u00a0<\/strong>\u00a0\u00a0\u00a0\u00a0Antiguitat a l\u2019escola.<\/p>\r\n\r\n\r\n\r\n<p>Els alumnes que tinguin mensualitats pendents de pagament hauran d\u2019abonar-les abans de fer la\u00a0preinscripci\u00f3.<\/p>\r\n\r\n\r\n\r\n<p><strong><u>Preus\u00a0preinscripci\u00f3 per alumne<\/u><\/strong><\/p>\r\n\r\n\r\n\r\n<figure class=\"wp-block-table\">\r\n<table class=\"has-fixed-layout\">\r\n<tbody>\r\n<tr>\r\n<td><strong>Programa oficial\u00a0\u00a0\u00a0\u00a0<\/strong><strong>(No s\u2019inclou Ravals, Musicals\u2019 Choir, cors externs)<\/strong><\/td>\r\n<td><strong>Programa lliure<\/strong><strong>(amb alguna assignatura grupal)<\/strong><\/td>\r\n<td><strong>Programa lliure<\/strong><strong>( sense assignatura grupal)<\/strong><\/td>\r\n<\/tr>\r\n<tr>\r\n<td><strong>70\u20ac<\/strong><\/td>\r\n<td><strong>80\u20ac<\/strong><\/td>\r\n<td><strong>100\u20ac<\/strong><\/td>\r\n<\/tr>\r\n<\/tbody>\r\n<\/table>\r\n<\/figure>\r\n\r\n\r\n\r\n<p><strong>25% Descompte als familiars directes<\/strong><\/p>\r\n\r\n\r\n\r\n<p><strong><u>Descomptes\u00a0preinscripci\u00f3\u00a0del 6 al 19 de maig.\u00a0<\/u><\/strong><\/p>\r\n\r\n\r\n\r\n<p><strong>\u00a0 40%\u00a0\u2013\u00a0Alumnes que estan cursant\u00a0 programa oficial.<\/strong><\/p>\r\n\r\n\r\n\r\n<p><strong>\u00a0 30%\u00a0\u2013\u00a0Alumnes del programa lliure (amb assignatura de grup)<\/strong><\/p>\r\n\r\n\r\n\r\n<p><strong>\u00a0 20%\u00a0\u2013\u00a0Alumnes del programa lliure (sense assignatura de grup)<\/strong><\/p>\r\n\r\n\r\n\r\n<p><strong><u>Confirmaci\u00f3 d\u2019horaris i matriculaci\u00f3:<\/u><\/strong><\/p>\r\n\r\n\r\n\r\n<p><strong>3 de juny :<\/strong>\u00a0alumnes preinscrits en el programa oficial.<\/p>\r\n\r\n\r\n\r\n<p><strong>10 de juny:<\/strong>\u00a0alumnes preinscrits en el programa lliure.<\/p>\r\n\r\n\r\n\r\n<p><strong><u>IMPORTANT! Canviar d\u2019un programa a un inferior implica abonar la difer\u00e8ncia del preu de la matr\u00edcula.<\/u><\/strong><\/p>\r\n\r\n\r\n\r\n<p>Tots aquells alumnes que no confirmin els horaris de la\u00a0preinscripci\u00f3\u00a0i no signin la matr\u00edcula en el termini marcat, perdran els horaris assignats.<\/p>\r\n\r\n\r\n\r\n<p>L\u2019escola disposar\u00e0 d\u2019aquests horaris per fer canvis o per\u00a0prescriure\u00a0nous alumnes.<\/p>\r\n\r\n\r\n\r\n<p>L\u2019Escola aconsella seguir la programaci\u00f3 oficial que us adjuntem a continuaci\u00f3, i que s\u2019acreditar\u00e0 amb els seg\u00fcents diplomes:<\/p>\r\n\r\n\r\n\r\n<p><strong><u>Diploma acreditatiu de nivell elemental<\/u><\/strong><\/p>\r\n\r\n\r\n\r\n<p>Assignatures m\u00ednimes que s\u2019han de cursar per l\u2019obtenci\u00f3 del diploma:<\/p>\r\n\r\n\r\n\r\n<p>6 cursos d\u2019instrument<\/p>\r\n\r\n\r\n\r\n<p>6 cursos de llenguatge musical<\/p>\r\n\r\n\r\n\r\n<p>4 cursos: de grup instrumental o d\u2019orquestra<\/p>\r\n\r\n\r\n\r\n<p><strong><u>Diploma acreditatiu de nivell professional (mitj\u00e0)<\/u><\/strong><\/p>\r\n\r\n\r\n\r\n<p>Assignatures m\u00ednimes que s\u2019han de cursar per l\u2019obtenci\u00f3 del diploma:<\/p>\r\n\r\n\r\n\r\n<p>6 cursos d\u2019instrument<\/p>\r\n\r\n\r\n\r\n<p>4 cursos de Llenguatge musical + 4 cursos d\u2019harmonia<\/p>\r\n\r\n\r\n\r\n<p>2 cursos de dictat i harmonia aplicada a l\u2019an\u00e0lisi, l\u2019audici\u00f3 i la hist\u00f2ria de la m\u00fasica,\u00a0\u00a0 o d\u2019arranjaments i harmonia moderna<\/p>\r\n\r\n\r\n\r\n<p>6 cursos de cant coral, grup instrumental o orquestra.<\/p>\r\n\r\n\r\n\r\n<p>6 cursos de segon instrument<\/p>\r\n\r\n\r\n\r\n<p>Volem remarcar que aquesta programaci\u00f3 no \u00e9s obligat\u00f2ria. Malgrat tot, l\u2019escola considera que \u00e9s la millor opci\u00f3 \u00a0per aprendre b\u00e9 la m\u00fasica i tenir un bon nivell, si en el futur es vol cursar estudis superiors de m\u00fasica.<\/p>\r\n\r\n\r\n\r\n<p>L\u2019Escola dona l\u2019opci\u00f3 de seguir el projecte curricular per mitj\u00e0 d\u2019un programa lliure.<\/p>\r\n\r\n\r\n\r\n<p>L\u2019Escola es caracteritza per la seva flexibilitat, adaptant al m\u00e0xim possible la seva<\/p>\r\n\r\n\r\n\r\n<p>programaci\u00f3 curricular a les caracter\u00edstiques i necessitats particulars de cada alumne.<\/p>\r\n\r\n\r\n\r\n<p><strong>Adjuntem llistat d\u2019assignatures i horaris que es poden cursar:<\/strong><\/p>\r\n\r\n\r\n\r\n<p><strong>A) ASSIGNATURES NO INSTRUMENTALS:<\/strong><\/p>\r\n\r\n\r\n\r\n<p>NIVELL INICIACI\u00d3:<\/p>\r\n\r\n\r\n\r\n<figure class=\"wp-block-table\">\r\n<table class=\"has-fixed-layout\">\r\n<tbody>\r\n<tr>\r\n<td>Sensibilitzaci\u00f3 2<\/td>\r\n<td>DV 16:45 17:45<\/td>\r\n<\/tr>\r\n<tr>\r\n<td>Sensibilitzaci\u00f3 3<\/td>\r\n<td>DC\u00a017:30-18:30<\/td>\r\n<\/tr>\r\n<tr>\r\n<td>Sensibilitzaci\u00f3 4<\/td>\r\n<td>DL\u00a017:00-18:00<\/td>\r\n<\/tr>\r\n<tr>\r\n<td>Sensibilitzaci\u00f3 5<\/td>\r\n<td>DJ\u00a018:00-19:00<\/td>\r\n<\/tr>\r\n<tr>\r\n<td>Sensibilitzaci\u00f3 5<\/td>\r\n<td>DL\u00a018:00-19:00<\/td>\r\n<\/tr>\r\n<\/tbody>\r\n<\/table>\r\n<\/figure>\r\n\r\n\r\n\r\n<p>NIVELL ELEMENTAL:<\/p>\r\n\r\n\r\n\r\n<figure class=\"wp-block-table\">\r\n<table class=\"has-fixed-layout\">\r\n<tbody>\r\n<tr>\r\n<td>Llenguatge Musical Elemental 1<\/td>\r\n<td>DL\u00a017:30-18:30<\/td>\r\n<\/tr>\r\n<tr>\r\n<td>Llenguatge Musical Elemental 1<\/td>\r\n<td>DC\u00a017:30-18:30<\/td>\r\n<\/tr>\r\n<tr>\r\n<td>Llenguatge Musical Elemental 2<\/td>\r\n<td>DL\u00a017:30-18:30<\/td>\r\n<\/tr>\r\n<tr>\r\n<td>Llenguatge Musical Elemental 2<\/td>\r\n<td>DJ\u00a017:30-18:30<\/td>\r\n<\/tr>\r\n<tr>\r\n<td>Llenguatge Musical Elemental 3<\/td>\r\n<td>DC\u00a018:30-20:00<\/td>\r\n<\/tr>\r\n<tr>\r\n<td>Llenguatge Musical Elemental 3<\/td>\r\n<td>DT\u00a017:30-19:00<\/td>\r\n<\/tr>\r\n<tr>\r\n<td>Llenguatge Musical Elemental 4<\/td>\r\n<td>DL\u00a018:30-20:00<\/td>\r\n<\/tr>\r\n<tr>\r\n<td>Llenguatge Musical Elemental 5<\/td>\r\n<td>DC\u00a017:30-19:00<\/td>\r\n<\/tr>\r\n<tr>\r\n<td>Llenguatge Musical Elemental 6<\/td>\r\n<td>DT\u00a017:30-19:00<\/td>\r\n<\/tr>\r\n<tr>\r\n<td>Llenguatge Musical Joves 1<\/td>\r\n<td>DL\u00a018:30-20:00<\/td>\r\n<\/tr>\r\n<tr>\r\n<td>Llenguatge Musical Joves 2<\/td>\r\n<td>DL\u00a019:00-20:30<\/td>\r\n<\/tr>\r\n<tr>\r\n<td>Llenguatge Musical Joves 3<\/td>\r\n<td>DJ\u00a019:00-20:30<\/td>\r\n<\/tr>\r\n<tr>\r\n<td>Llenguatge Musical Adults 1<\/td>\r\n<td>DT 18:00-19:00<\/td>\r\n<\/tr>\r\n<tr>\r\n<td>Llenguatge Musical Adults 2<\/td>\r\n<td>DT\u00a020:00-21:00<\/td>\r\n<\/tr>\r\n<\/tbody>\r\n<\/table>\r\n<\/figure>\r\n\r\n\r\n\r\n<p>NIVELL PROFESSIONAL:<\/p>\r\n\r\n\r\n\r\n<figure class=\"wp-block-table\">\r\n<table class=\"has-fixed-layout\">\r\n<tbody>\r\n<tr>\r\n<td>Llenguatge i Harmonia Cl\u00e0ssica Professional 1<\/td>\r\n<td>DL\u00a017:30-19:30<\/td>\r\n<\/tr>\r\n<tr>\r\n<td>Llenguatge i Harmonia Cl\u00e0ssica Professional 2<\/td>\r\n<td>DT\u00a019:00-20:30<\/td>\r\n<\/tr>\r\n<tr>\r\n<td>Llenguatge i Harmonia Cl\u00e0ssica Professional 3<\/td>\r\n<td>DT\u00a017:30-19:00<\/td>\r\n<\/tr>\r\n<tr>\r\n<td>Llenguatge i Harmonia Cl\u00e0ssica Professional 5<\/td>\r\n<td>DJ\u00a018:30-20:30<\/td>\r\n<\/tr>\r\n<tr>\r\n<td>Llenguatge i Harmonia Moderna professional 1<\/td>\r\n<td>DT\u00a017:30-19:30<\/td>\r\n<\/tr>\r\n<tr>\r\n<td>Llenguatge i Harmonia Moderna professional 2<\/td>\r\n<td>DC\u00a016:30-17:30<\/td>\r\n<\/tr>\r\n<tr>\r\n<td>Llenguatge i Harmonia Moderna professional 3<\/td>\r\n<td>DC\u00a017:30-19:30<\/td>\r\n<\/tr>\r\n<tr>\r\n<td>Llenguatge i Harmonia Moderna professional 4<\/td>\r\n<td>DJ\u00a017:30-19:30<\/td>\r\n<\/tr>\r\n<tr>\r\n<td>Llenguatge i Harmonia Moderna professional 5<\/td>\r\n<td>DC\u00a018:00-20:00<\/td>\r\n<\/tr>\r\n<tr>\r\n<td>Llenguatge i Harmonia Moderna professional 5<\/td>\r\n<td>DV\u00a016:00-17:00<\/td>\r\n<\/tr>\r\n<\/tbody>\r\n<\/table>\r\n<\/figure>\r\n\r\n\r\n\r\n<p><strong>B) INSTRUMENTS (Tots els nivells de 30\u2032, 45\u2032, 60\u2032):<\/strong> Baix el\u00e8ctric, Bateria, Cant, Clarinet, Contrabaix, Fagot, Flauta Travessera, Guitarra, Guitarra el\u00e8ctrica, Piano, Piano Modern, Saxofon, Tromb\u00f3, Trompeta, Ukelele, Viola, Viol\u00ed, Violoncel.<\/p>\r\n\r\n\r\n\r\n<p><strong>C) AGRUPACIONS (Tots els nivells):<\/strong><\/p>\r\n\r\n\r\n\r\n<figure class=\"wp-block-table\">\r\n<table class=\"has-fixed-layout\">\r\n<tbody>\r\n<tr>\r\n<td>Big Band<\/td>\r\n<td>DT\u00a020:00-21:30<\/td>\r\n<\/tr>\r\n<tr>\r\n<td>Classe de Clarinets grupal M\u00e0x.3<\/td>\r\n<td>DT\u00a016:30-17:30<\/td>\r\n<\/tr>\r\n<tr>\r\n<td>Classe de Flautes Tr. grupal M\u00e0x.3<\/td>\r\n<td>DL\u00a016:30-17:30<\/td>\r\n<\/tr>\r\n<tr>\r\n<td>Classe de Piano grupal M\u00e0x.3<\/td>\r\n<td>DV\u00a017:00-18:00<\/td>\r\n<\/tr>\r\n<tr>\r\n<td>Classe de Trombons grupal M\u00e0x.3<\/td>\r\n<td>DL\u00a016:30-17:30<\/td>\r\n<\/tr>\r\n<tr>\r\n<td>Classe de Trompeta grupal M\u00e0x.3<\/td>\r\n<td>DV 17:00-18:00<\/td>\r\n<\/tr>\r\n<tr>\r\n<td>Classe de Ukelele grupal M\u00e0x.3<\/td>\r\n<td>DT 16:30-17:30<\/td>\r\n<\/tr>\r\n<tr>\r\n<td>Classe de Viol\u00ed grupal M\u00e0x.3<\/td>\r\n<td>DT\u00a016:30-17:30<\/td>\r\n<\/tr>\r\n<tr>\r\n<td>Classe de Violoncels grupal M\u00e0x.3<\/td>\r\n<td>DJ\u00a017:00-18:00<\/td>\r\n<\/tr>\r\n<tr>\r\n<td>Combo dijous Inside sound<\/td>\r\n<td>DJ\u00a019:30-20:30<\/td>\r\n<\/tr>\r\n<tr>\r\n<td>Combo dijous The Rolling Combo<\/td>\r\n<td>DJ\u00a018:00-19:00<\/td>\r\n<\/tr>\r\n<tr>\r\n<td>Combo dilluns In between<\/td>\r\n<td>DL\u00a020:00-21:00<\/td>\r\n<\/tr>\r\n<tr>\r\n<td>Combo dilluns The Pick<\/td>\r\n<td>DL\u00a018:00-19:00<\/td>\r\n<\/tr>\r\n<tr>\r\n<td>Combo dilluns Wombo Combo<\/td>\r\n<td>DL\u00a019:00-20:00<\/td>\r\n<\/tr>\r\n<tr>\r\n<td>Combo Dimarts Chance Combo<\/td>\r\n<td>DT\u00a020:30-21:30<\/td>\r\n<\/tr>\r\n<tr>\r\n<td>Combo Dimarts La Nuit<\/td>\r\n<td>DT\u00a019:30-20:30<\/td>\r\n<\/tr>\r\n<tr>\r\n<td>Combo Dimecres 15\/17<\/td>\r\n<td>DC\u00a020:30-21:30<\/td>\r\n<\/tr>\r\n<tr>\r\n<td>Combo dimecres D<\/td>\r\n<td>DC\u00a018:00-19:00<\/td>\r\n<\/tr>\r\n<tr>\r\n<td>Combo dimecres The Fools<\/td>\r\n<td>DC\u00a019:30-20:30<\/td>\r\n<\/tr>\r\n<tr>\r\n<td>Combo Dimecres Unagi<\/td>\r\n<td>DC\u00a016:30-17:30<\/td>\r\n<\/tr>\r\n<tr>\r\n<td>Coral Adults Trencacors<\/td>\r\n<td>DJ\u00a020:00-21:30<\/td>\r\n<\/tr>\r\n<tr>\r\n<td>Coral Elemental Smiling Dimecres<\/td>\r\n<td>DC\u00a018:30-19:30<\/td>\r\n<\/tr>\r\n<tr>\r\n<td>Coral Joves Dijous<\/td>\r\n<td>DJ\u00a019:00-20:30<\/td>\r\n<\/tr>\r\n<tr>\r\n<td>Coral Joves Divendres<\/td>\r\n<td>DV 18:30-19:30<\/td>\r\n<\/tr>\r\n<tr>\r\n<td>Grup de cambra cordes<\/td>\r\n<td>DT\u00a020:00-21:00<\/td>\r\n<\/tr>\r\n<tr>\r\n<td>Grup Instrumental Pianos<\/td>\r\n<td>DJ\u00a018:00-19:00<\/td>\r\n<\/tr>\r\n<tr>\r\n<td>Marxing Band<\/td>\r\n<td>DT 19:00-20:30<\/td>\r\n<\/tr>\r\n<tr>\r\n<td>Orquestra Adults<\/td>\r\n<td>DL\u00a019:30-20:30<\/td>\r\n<\/tr>\r\n<tr>\r\n<td>Orquestra Elemental<\/td>\r\n<td>DC\u00a018:00-19:00<\/td>\r\n<\/tr>\r\n<tr>\r\n<td>Orquestra Guitarres Adults<\/td>\r\n<td>DT\u00a020:00-21:00<\/td>\r\n<\/tr>\r\n<tr>\r\n<td>Orquestra Guitarres Joves<\/td>\r\n<td>DL 19:00-20:00<\/td>\r\n<\/tr>\r\n<tr>\r\n<td>Orquestra professional<\/td>\r\n<td>DC\u00a019:30-21:30<\/td>\r\n<\/tr>\r\n<tr>\r\n<td>Teatre musical adults<\/td>\r\n<td>DC\u00a019:30-21:00<\/td>\r\n<\/tr>\r\n<tr>\r\n<td>Teatre Musical Mitjans 2<\/td>\r\n<td>DT\u00a019:00-20:00<\/td>\r\n<\/tr>\r\n<tr>\r\n<td>Teatre Musical Mitjans Pop Rockers<\/td>\r\n<td>DL\u00a020:00-21:30<\/td>\r\n<\/tr>\r\n<tr>\r\n<td>Teatre Musical Professional Stickers<\/td>\r\n<td>DJ\u00a018:30-20:00<\/td>\r\n<\/tr>\r\n<tr>\r\n<td>T\u00e8cnica Vocal Coral<\/td>\r\n<td>DT 19:00-20:00<\/td>\r\n<\/tr>\r\n<\/tbody>\r\n<\/table>\r\n<\/figure>\r\n\r\n\r\n\r\n<p><strong>Si teniu dubtes de com fer la\u00a0preinscripci\u00f3\u00a0o a quines assignatures matricular-vos, us podeu posar en contacte amb el professor\/a d\u2019instrument (tutor), amb secretaria o concretar una reuni\u00f3 individual amb direcci\u00f3.\u00a0<\/strong><\/p>\r\n\r\n\r\n\r\n<p>Per a qualsevol dubte, ens podeu trobar en els horaris habituals de secretaria:<\/p>\r\n\r\n\r\n\r\n<p>C\/ Carme 15-17<\/p>\r\n\r\n\r\n\r\n<p>Matins: de dilluns a divendres de 10 a 14 h<\/p>\r\n","protected":false},"excerpt":{"rendered":"<p>Benvolguts alumnes, mares i pares de L\u2019Escola de M\u00fasics i JPC.\u00a0Us recordem que el 19 de maig \u00e9s l\u2019\u00faltim dia per a fer les preinscripcions per al curs 2024-25 amb descomptes.<\/p>\n<p>Aprofiteu els descomptes!!! <a href=\"https:\/\/agora.xtec.cat\/escolademusicsijpc\/wp-content\/uploads\/usu459\/2024\/05\/image.png\"><\/a><\/p>\n<p>Us poseu preinscriure en les seg\u00fcent opcions.\u00a0<\/p>\n<p>1.- Aquest curs es far\u00e0&hellip;  <a href=\"https:\/\/agora.xtec.cat\/escolademusicsijpc\/general\/preinscripcions-2024-25\/\" title=\"Read PREINSCRIPCIONS 2024\/25\">Llegeix m\u00e9s\u00bb<\/a><\/p>\n","protected":false},"author":3,"featured_media":9982,"comment_status":"open","ping_status":"closed","sticky":false,"template":"","format":"standard","meta":{"_bbp_topic_count":0,"_bbp_reply_count":0,"_bbp_total_topic_count":0,"_bbp_total_reply_count":0,"_bbp_voice_count":0,"_bbp_anonymous_reply_count":0,"_bbp_topic_count_hidden":0,"_bbp_reply_count_hidden":0,"_bbp_forum_subforum_count":0,"footnotes":""},"categories":[1,104],"tags":[],"class_list":["post-9981","post","type-post","status-publish","format-standard","has-post-thumbnail","hentry","category-general","category-uncategorized"],"post_mailing_queue_ids":[],"_links":{"self":[{"href":"https:\/\/agora.xtec.cat\/escolademusicsijpc\/wp-json\/wp\/v2\/posts\/9981","targetHints":{"allow":["GET"]}}],"collection":[{"href":"https:\/\/agora.xtec.cat\/escolademusicsijpc\/wp-json\/wp\/v2\/posts"}],"about":[{"href":"https:\/\/agora.xtec.cat\/escolademusicsijpc\/wp-json\/wp\/v2\/types\/post"}],"author":[{"embeddable":true,"href":"https:\/\/agora.xtec.cat\/escolademusicsijpc\/wp-json\/wp\/v2\/users\/3"}],"replies":[{"embeddable":true,"href":"https:\/\/agora.xtec.cat\/escolademusicsijpc\/wp-json\/wp\/v2\/comments?post=9981"}],"version-history":[{"count":2,"href":"https:\/\/agora.xtec.cat\/escolademusicsijpc\/wp-json\/wp\/v2\/posts\/9981\/revisions"}],"predecessor-version":[{"id":9984,"href":"https:\/\/agora.xtec.cat\/escolademusicsijpc\/wp-json\/wp\/v2\/posts\/9981\/revisions\/9984"}],"wp:featuredmedia":[{"embeddable":true,"href":"https:\/\/agora.xtec.cat\/escolademusicsijpc\/wp-json\/wp\/v2\/media\/9982"}],"wp:attachment":[{"href":"https:\/\/agora.xtec.cat\/escolademusicsijpc\/wp-json\/wp\/v2\/media?parent=9981"}],"wp:term":[{"taxonomy":"category","embeddable":true,"href":"https:\/\/agora.xtec.cat\/escolademusicsijpc\/wp-json\/wp\/v2\/categories?post=9981"},{"taxonomy":"post_tag","embeddable":true,"href":"https:\/\/agora.xtec.cat\/escolademusicsijpc\/wp-json\/wp\/v2\/tags?post=9981"}],"curies":[{"name":"wp","href":"https:\/\/api.w.org\/{rel}","templated":true}]}}