{"id":9965,"date":"2024-05-03T16:57:03","date_gmt":"2024-05-03T14:57:03","guid":{"rendered":"https:\/\/agora.xtec.cat\/escolademusicsijpc\/?p=9965"},"modified":"2024-05-03T16:57:03","modified_gmt":"2024-05-03T14:57:03","slug":"els-mes-petits-aprenen-musica","status":"publish","type":"post","link":"https:\/\/agora.xtec.cat\/escolademusicsijpc\/general\/els-mes-petits-aprenen-musica\/","title":{"rendered":"Els m\u00e9s petits aprenen m\u00fasica"},"content":{"rendered":"\r\n\r\nSi el teu fill o filla vol aprendre m\u00fasica, com m\u00e9s aviat millor!\u00a0<img loading=\"lazy\" decoding=\"async\" src=\"https:\/\/static.xx.fbcdn.net\/images\/emoji.php\/v9\/tab\/1\/16\/1f476.png\" alt=\"\ud83d\udc76\" width=\"16\" height=\"16\" \/><img loading=\"lazy\" decoding=\"async\" src=\"https:\/\/static.xx.fbcdn.net\/images\/emoji.php\/v9\/t9e\/1\/16\/1f3b5.png\" alt=\"\ud83c\udfb5\" width=\"16\" height=\"16\" \/>\r\n\r\n \r\n\r\nLa m\u00fasica aporta una gran varietat de beneficis en els m\u00e9s petits:\r\n\r\n \r\n\r\n<img loading=\"lazy\" decoding=\"async\" src=\"https:\/\/static.xx.fbcdn.net\/images\/emoji.php\/v9\/t7a\/1\/16\/31_20e3.png\" alt=\"1\u20e3\" width=\"16\" height=\"16\" \/>\u00a0Millora de la mem\u00f2ria i la concentraci\u00f3.\r\n<img loading=\"lazy\" decoding=\"async\" src=\"https:\/\/static.xx.fbcdn.net\/images\/emoji.php\/v9\/t99\/1\/16\/32_20e3.png\" alt=\"2\u20e3\" width=\"16\" height=\"16\" \/>\u00a0Autoconfian\u00e7a i gesti\u00f3 emocional.\r\n<img loading=\"lazy\" decoding=\"async\" src=\"https:\/\/static.xx.fbcdn.net\/images\/emoji.php\/v9\/tb8\/1\/16\/33_20e3.png\" alt=\"3\u20e3\" width=\"16\" height=\"16\" \/>\u00a0Relaxaci\u00f3 i tranquil\u00b7litat.\r\n<img loading=\"lazy\" decoding=\"async\" src=\"https:\/\/static.xx.fbcdn.net\/images\/emoji.php\/v9\/td7\/1\/16\/34_20e3.png\" alt=\"4\u20e3\" width=\"16\" height=\"16\" \/>\u00a0Impulsa la creativitat i la imaginaci\u00f3.\r\n\r\n \r\n\r\nEn els nostres nivells de sensibilitzaci\u00f3, l\u2019alumne s&#8217;introdueix al m\u00f3n de la m\u00fasica. Aconseguim que interioritzi intu\u00eftivament els elements b\u00e0sics del ritme i la pulsaci\u00f3, altura tonal, timbre, expressi\u00f3 corporal i expressi\u00f3 cantada.\u00a0<img loading=\"lazy\" decoding=\"async\" src=\"https:\/\/static.xx.fbcdn.net\/images\/emoji.php\/v9\/t81\/1\/16\/1f60c.png\" alt=\"\ud83d\ude0c\" width=\"16\" height=\"16\" \/>\r\n\r\n\r\n\r\n<a href=\"https:\/\/agora.xtec.cat\/escolademusicsijpc\/wp-content\/uploads\/usu459\/2024\/05\/438826503_953387113241934_1813083848433720880_n.jpg\"><img loading=\"lazy\" decoding=\"async\" class=\"aligncenter size-large wp-image-9966\" src=\"https:\/\/agora.xtec.cat\/escolademusicsijpc\/wp-content\/uploads\/usu459\/2024\/05\/438826503_953387113241934_1813083848433720880_n-1024x768.jpg\" alt=\"\" width=\"1024\" height=\"768\" srcset=\"https:\/\/agora.xtec.cat\/escolademusicsijpc\/wp-content\/uploads\/usu459\/2024\/05\/438826503_953387113241934_1813083848433720880_n-1024x768.jpg 1024w, https:\/\/agora.xtec.cat\/escolademusicsijpc\/wp-content\/uploads\/usu459\/2024\/05\/438826503_953387113241934_1813083848433720880_n-300x225.jpg 300w, https:\/\/agora.xtec.cat\/escolademusicsijpc\/wp-content\/uploads\/usu459\/2024\/05\/438826503_953387113241934_1813083848433720880_n-768x576.jpg 768w, https:\/\/agora.xtec.cat\/escolademusicsijpc\/wp-content\/uploads\/usu459\/2024\/05\/438826503_953387113241934_1813083848433720880_n-1536x1152.jpg 1536w, https:\/\/agora.xtec.cat\/escolademusicsijpc\/wp-content\/uploads\/usu459\/2024\/05\/438826503_953387113241934_1813083848433720880_n-200x150.jpg 200w, https:\/\/agora.xtec.cat\/escolademusicsijpc\/wp-content\/uploads\/usu459\/2024\/05\/438826503_953387113241934_1813083848433720880_n.jpg 2000w\" sizes=\"auto, (max-width: 1024px) 100vw, 1024px\" \/><\/a>","protected":false},"excerpt":{"rendered":"<p>Si el teu fill o filla vol aprendre m\u00fasica, com m\u00e9s aviat millor!\u00a0<\/p>\n<p>La m\u00fasica aporta una gran varietat de beneficis en els m\u00e9s petits:<\/p>\n<p>\u00a0Millora de la mem\u00f2ria i la concentraci\u00f3.<br \/>\n\u00a0Autoconfian\u00e7a i gesti\u00f3 emocional.<br \/>\n\u00a0Relaxaci\u00f3 i tranquil\u00b7litat.<br \/>\n\u00a0Impulsa la creativitat i la imaginaci\u00f3.<\/p>\n<p>En els nostres&hellip;  <a href=\"https:\/\/agora.xtec.cat\/escolademusicsijpc\/general\/els-mes-petits-aprenen-musica\/\" title=\"Read Els m\u00e9s petits aprenen m\u00fasica\">Llegeix m\u00e9s\u00bb<\/a><\/p>\n","protected":false},"author":3,"featured_media":9966,"comment_status":"open","ping_status":"closed","sticky":false,"template":"","format":"standard","meta":{"_bbp_topic_count":0,"_bbp_reply_count":0,"_bbp_total_topic_count":0,"_bbp_total_reply_count":0,"_bbp_voice_count":0,"_bbp_anonymous_reply_count":0,"_bbp_topic_count_hidden":0,"_bbp_reply_count_hidden":0,"_bbp_forum_subforum_count":0,"footnotes":""},"categories":[1,104],"tags":[],"class_list":["post-9965","post","type-post","status-publish","format-standard","has-post-thumbnail","hentry","category-general","category-uncategorized"],"post_mailing_queue_ids":[],"_links":{"self":[{"href":"https:\/\/agora.xtec.cat\/escolademusicsijpc\/wp-json\/wp\/v2\/posts\/9965","targetHints":{"allow":["GET"]}}],"collection":[{"href":"https:\/\/agora.xtec.cat\/escolademusicsijpc\/wp-json\/wp\/v2\/posts"}],"about":[{"href":"https:\/\/agora.xtec.cat\/escolademusicsijpc\/wp-json\/wp\/v2\/types\/post"}],"author":[{"embeddable":true,"href":"https:\/\/agora.xtec.cat\/escolademusicsijpc\/wp-json\/wp\/v2\/users\/3"}],"replies":[{"embeddable":true,"href":"https:\/\/agora.xtec.cat\/escolademusicsijpc\/wp-json\/wp\/v2\/comments?post=9965"}],"version-history":[{"count":1,"href":"https:\/\/agora.xtec.cat\/escolademusicsijpc\/wp-json\/wp\/v2\/posts\/9965\/revisions"}],"predecessor-version":[{"id":9967,"href":"https:\/\/agora.xtec.cat\/escolademusicsijpc\/wp-json\/wp\/v2\/posts\/9965\/revisions\/9967"}],"wp:featuredmedia":[{"embeddable":true,"href":"https:\/\/agora.xtec.cat\/escolademusicsijpc\/wp-json\/wp\/v2\/media\/9966"}],"wp:attachment":[{"href":"https:\/\/agora.xtec.cat\/escolademusicsijpc\/wp-json\/wp\/v2\/media?parent=9965"}],"wp:term":[{"taxonomy":"category","embeddable":true,"href":"https:\/\/agora.xtec.cat\/escolademusicsijpc\/wp-json\/wp\/v2\/categories?post=9965"},{"taxonomy":"post_tag","embeddable":true,"href":"https:\/\/agora.xtec.cat\/escolademusicsijpc\/wp-json\/wp\/v2\/tags?post=9965"}],"curies":[{"name":"wp","href":"https:\/\/api.w.org\/{rel}","templated":true}]}}