{"id":9954,"date":"2024-04-25T17:52:45","date_gmt":"2024-04-25T15:52:45","guid":{"rendered":"https:\/\/agora.xtec.cat\/escolademusicsijpc\/?p=9954"},"modified":"2024-04-25T17:52:45","modified_gmt":"2024-04-25T15:52:45","slug":"concert-de-piano-i-violoncel","status":"publish","type":"post","link":"https:\/\/agora.xtec.cat\/escolademusicsijpc\/general\/concert-de-piano-i-violoncel\/","title":{"rendered":"Concert de piano i violoncel"},"content":{"rendered":"\r\n\r\nEl diumenge 28 d&#8217;abril a les 17:30 a l&#8217;Esgl\u00e9sia de Sant Gaiet\u00e0 se celebrar\u00e0 el concert de piano i violoncel amb seg\u00fcents int\u00e8rprets:\r\n\r\n \r\n<ul class=\"wp-elements-5d64d6fe10c4b5c4fe1a1ed56e904973\" style=\"list-style-type: square;\">\r\n \t<li class=\"has-white-color has-primary-background-color has-text-color has-background has-link-color has-medium-font-size\"><strong>Isaac Tardido<\/strong> <img loading=\"lazy\" decoding=\"async\" src=\"https:\/\/static.xx.fbcdn.net\/images\/emoji.php\/v9\/t9e\/1\/16\/1f3b5.png\" alt=\"\ud83c\udfb5\" width=\"16\" height=\"16\" \/><\/li>\r\n<\/ul>\r\n \r\n<ul class=\"wp-elements-63d9b0f9eef6e61a6aba71da12fe1337\" style=\"list-style-type: square;\">\r\n \t<li class=\"has-white-color has-primary-background-color has-text-color has-background has-link-color has-medium-font-size\"><strong>Arnau Luengo<\/strong> <img loading=\"lazy\" decoding=\"async\" src=\"https:\/\/static.xx.fbcdn.net\/images\/emoji.php\/v9\/t9e\/1\/16\/1f3b5.png\" alt=\"\ud83c\udfb5\" width=\"16\" height=\"16\" \/><\/li>\r\n<\/ul>\r\n \r\n<ul class=\"wp-elements-b9f72fe80b1fd48d63147be2ed5405d9\" style=\"list-style-type: square;\">\r\n \t<li class=\"has-white-color has-primary-background-color has-text-color has-background has-link-color has-medium-font-size\"><strong>Laia Farr\u00e9s <\/strong> <img loading=\"lazy\" decoding=\"async\" src=\"https:\/\/static.xx.fbcdn.net\/images\/emoji.php\/v9\/t9e\/1\/16\/1f3b5.png\" alt=\"\ud83c\udfb5\" width=\"16\" height=\"16\" \/><\/li>\r\n<\/ul>\r\n \r\n<ul class=\"wp-elements-7f45819c8251f41280d6a625a19813d5\" style=\"list-style-type: square;\">\r\n \t<li class=\"has-white-color has-primary-background-color has-text-color has-background has-link-color has-medium-font-size\"><strong>Laura Mu\u00f1oz<\/strong> <img loading=\"lazy\" decoding=\"async\" src=\"https:\/\/static.xx.fbcdn.net\/images\/emoji.php\/v9\/t9e\/1\/16\/1f3b5.png\" alt=\"\ud83c\udfb5\" width=\"16\" height=\"16\" \/><\/li>\r\n<\/ul>\r\n \r\n\r\nC\/ del Consell de Cent, 293 (entrada gratu\u00efta) <img loading=\"lazy\" decoding=\"async\" src=\"https:\/\/static.xx.fbcdn.net\/images\/emoji.php\/v9\/t57\/1\/16\/1f609.png\" alt=\"\ud83d\ude09\" width=\"16\" height=\"16\" \/><img loading=\"lazy\" decoding=\"async\" src=\"https:\/\/static.xx.fbcdn.net\/images\/emoji.php\/v9\/ta2\/1\/16\/1f3b9.png\" alt=\"\ud83c\udfb9\" width=\"16\" height=\"16\" \/> <img loading=\"lazy\" decoding=\"async\" src=\"https:\/\/static.xx.fbcdn.net\/images\/emoji.php\/v9\/t4b\/1\/16\/1f3bb.png\" alt=\"\ud83c\udfbb\" width=\"16\" height=\"16\" \/>\r\n\r\n<a href=\"https:\/\/agora.xtec.cat\/escolademusicsijpc\/wp-content\/uploads\/usu459\/2024\/04\/piano-violoncel-scaled.jpg\"><img loading=\"lazy\" decoding=\"async\" class=\"aligncenter size-large wp-image-9955\" src=\"https:\/\/agora.xtec.cat\/escolademusicsijpc\/wp-content\/uploads\/usu459\/2024\/04\/piano-violoncel-724x1024.jpg\" alt=\"\" width=\"724\" height=\"1024\" srcset=\"https:\/\/agora.xtec.cat\/escolademusicsijpc\/wp-content\/uploads\/usu459\/2024\/04\/piano-violoncel-724x1024.jpg 724w, https:\/\/agora.xtec.cat\/escolademusicsijpc\/wp-content\/uploads\/usu459\/2024\/04\/piano-violoncel-212x300.jpg 212w, https:\/\/agora.xtec.cat\/escolademusicsijpc\/wp-content\/uploads\/usu459\/2024\/04\/piano-violoncel-768x1086.jpg 768w, https:\/\/agora.xtec.cat\/escolademusicsijpc\/wp-content\/uploads\/usu459\/2024\/04\/piano-violoncel-1086x1536.jpg 1086w, https:\/\/agora.xtec.cat\/escolademusicsijpc\/wp-content\/uploads\/usu459\/2024\/04\/piano-violoncel-1448x2048.jpg 1448w, https:\/\/agora.xtec.cat\/escolademusicsijpc\/wp-content\/uploads\/usu459\/2024\/04\/piano-violoncel-scaled.jpg 1810w\" sizes=\"auto, (max-width: 724px) 100vw, 724px\" \/><\/a>\r\n\r\n","protected":false},"excerpt":{"rendered":"<p>El diumenge 28 d&#8217;abril a les 17:30 a l&#8217;Esgl\u00e9sia de Sant Gaiet\u00e0 se celebrar\u00e0 el concert de piano i violoncel amb seg\u00fcents int\u00e8rprets:<\/p>\n<ul class=\"wp-elements-5d64d6fe10c4b5c4fe1a1ed56e904973\" style=\"list-style-type: square;\">\n<li class=\"has-white-color has-primary-background-color has-text-color has-background has-link-color has-medium-font-size\">Isaac Tardido <\/li>\n<\/ul>\n<ul class=\"wp-elements-63d9b0f9eef6e61a6aba71da12fe1337\" style=\"list-style-type: square;\">\n<li class=\"has-white-color has-primary-background-color has-text-color has-background&hellip;  <a href=\"https:\/\/agora.xtec.cat\/escolademusicsijpc\/general\/concert-de-piano-i-violoncel\/\" title=\"Read Concert de piano i violoncel\">Llegeix m\u00e9s\u00bb<\/a><br \/>\n","protected":false},"author":3,"featured_media":9955,"comment_status":"open","ping_status":"closed","sticky":false,"template":"","format":"standard","meta":{"_bbp_topic_count":0,"_bbp_reply_count":0,"_bbp_total_topic_count":0,"_bbp_total_reply_count":0,"_bbp_voice_count":0,"_bbp_anonymous_reply_count":0,"_bbp_topic_count_hidden":0,"_bbp_reply_count_hidden":0,"_bbp_forum_subforum_count":0,"footnotes":""},"categories":[63,1,104],"tags":[],"class_list":["post-9954","post","type-post","status-publish","format-standard","has-post-thumbnail","hentry","category-concerts","category-general","category-uncategorized"],"post_mailing_queue_ids":[],"_links":{"self":[{"href":"https:\/\/agora.xtec.cat\/escolademusicsijpc\/wp-json\/wp\/v2\/posts\/9954","targetHints":{"allow":["GET"]}}],"collection":[{"href":"https:\/\/agora.xtec.cat\/escolademusicsijpc\/wp-json\/wp\/v2\/posts"}],"about":[{"href":"https:\/\/agora.xtec.cat\/escolademusicsijpc\/wp-json\/wp\/v2\/types\/post"}],"author":[{"embeddable":true,"href":"https:\/\/agora.xtec.cat\/escolademusicsijpc\/wp-json\/wp\/v2\/users\/3"}],"replies":[{"embeddable":true,"href":"https:\/\/agora.xtec.cat\/escolademusicsijpc\/wp-json\/wp\/v2\/comments?post=9954"}],"version-history":[{"count":1,"href":"https:\/\/agora.xtec.cat\/escolademusicsijpc\/wp-json\/wp\/v2\/posts\/9954\/revisions"}],"predecessor-version":[{"id":9956,"href":"https:\/\/agora.xtec.cat\/escolademusicsijpc\/wp-json\/wp\/v2\/posts\/9954\/revisions\/9956"}],"wp:featuredmedia":[{"embeddable":true,"href":"https:\/\/agora.xtec.cat\/escolademusicsijpc\/wp-json\/wp\/v2\/media\/9955"}],"wp:attachment":[{"href":"https:\/\/agora.xtec.cat\/escolademusicsijpc\/wp-json\/wp\/v2\/media?parent=9954"}],"wp:term":[{"taxonomy":"category","embeddable":true,"href":"https:\/\/agora.xtec.cat\/escolademusicsijpc\/wp-json\/wp\/v2\/categories?post=9954"},{"taxonomy":"post_tag","embeddable":true,"href":"https:\/\/agora.xtec.cat\/escolademusicsijpc\/wp-json\/wp\/v2\/tags?post=9954"}],"curies":[{"name":"wp","href":"https:\/\/api.w.org\/{rel}","templated":true}]}}