{"id":9928,"date":"2024-04-08T20:02:05","date_gmt":"2024-04-08T18:02:05","guid":{"rendered":"https:\/\/agora.xtec.cat\/escolademusicsijpc\/?p=9928"},"modified":"2024-04-10T20:09:42","modified_gmt":"2024-04-10T18:09:42","slug":"tenim-corals","status":"publish","type":"post","link":"https:\/\/agora.xtec.cat\/escolademusicsijpc\/general\/tenim-corals\/","title":{"rendered":"Tenim corals!"},"content":{"rendered":"\r\n<p>Sabies que tenim diferents corals a l&#8217;escola?<\/p>\r\n\r\n\r\n\r\n<p>Dividim les nostres corals depenent del nivell i edat, per aix\u00ed assegurar una millor uni\u00f3 i cohesi\u00f3 entre els cantants.\u00a0<img loading=\"lazy\" decoding=\"async\" src=\"https:\/\/static.xx.fbcdn.net\/images\/emoji.php\/v9\/t64\/1\/16\/1f91d.png\" alt=\"\ud83e\udd1d\" width=\"16\" height=\"16\" \/><img loading=\"lazy\" decoding=\"async\" src=\"https:\/\/static.xx.fbcdn.net\/images\/emoji.php\/v9\/tea\/1\/16\/1f970.png\" alt=\"\ud83e\udd70\" width=\"16\" height=\"16\" \/><\/p>\r\n\r\n\r\n\r\n<p>Tenim nivell elemental, per a joves, per a adolescents o per a adults.<\/p>\r\n\r\n\r\n\r\n<p>I tu, vols unir-te a alguna coral? Contacta amb nosaltres!<\/p>\r\n\r\n<p><a href=\"https:\/\/agora.xtec.cat\/escolademusicsijpc\/wp-content\/uploads\/usu459\/2024\/04\/436293043_943664540880858_6724067879659903677_n.jpg\"><img loading=\"lazy\" decoding=\"async\" class=\"aligncenter size-full wp-image-9929\" src=\"https:\/\/agora.xtec.cat\/escolademusicsijpc\/wp-content\/uploads\/usu459\/2024\/04\/436293043_943664540880858_6724067879659903677_n.jpg\" alt=\"\" width=\"840\" height=\"560\" srcset=\"https:\/\/agora.xtec.cat\/escolademusicsijpc\/wp-content\/uploads\/usu459\/2024\/04\/436293043_943664540880858_6724067879659903677_n.jpg 840w, https:\/\/agora.xtec.cat\/escolademusicsijpc\/wp-content\/uploads\/usu459\/2024\/04\/436293043_943664540880858_6724067879659903677_n-300x200.jpg 300w, https:\/\/agora.xtec.cat\/escolademusicsijpc\/wp-content\/uploads\/usu459\/2024\/04\/436293043_943664540880858_6724067879659903677_n-768x512.jpg 768w\" sizes=\"auto, (max-width: 840px) 100vw, 840px\" \/><\/a><\/p>","protected":false},"excerpt":{"rendered":"<p>Sabies que tenim diferents corals a l&#8217;escola?<\/p>\n<p>Dividim les nostres corals depenent del nivell i edat, per aix\u00ed assegurar una millor uni\u00f3 i cohesi\u00f3 entre els cantants.\u00a0<\/p>\n<p>Tenim nivell elemental, per a joves, per a adolescents o per a adults.<\/p>\n<p>I tu, vols unir-te a alguna coral? Contacta&hellip;  <a href=\"https:\/\/agora.xtec.cat\/escolademusicsijpc\/general\/tenim-corals\/\" title=\"Read Tenim corals!\">Llegeix m\u00e9s\u00bb<\/a><\/p>\n","protected":false},"author":3,"featured_media":9929,"comment_status":"open","ping_status":"closed","sticky":false,"template":"","format":"standard","meta":{"_bbp_topic_count":0,"_bbp_reply_count":0,"_bbp_total_topic_count":0,"_bbp_total_reply_count":0,"_bbp_voice_count":0,"_bbp_anonymous_reply_count":0,"_bbp_topic_count_hidden":0,"_bbp_reply_count_hidden":0,"_bbp_forum_subforum_count":0,"footnotes":""},"categories":[66,1,104],"tags":[],"class_list":["post-9928","post","type-post","status-publish","format-standard","has-post-thumbnail","hentry","category-corals","category-general","category-uncategorized"],"post_mailing_queue_ids":[],"_links":{"self":[{"href":"https:\/\/agora.xtec.cat\/escolademusicsijpc\/wp-json\/wp\/v2\/posts\/9928","targetHints":{"allow":["GET"]}}],"collection":[{"href":"https:\/\/agora.xtec.cat\/escolademusicsijpc\/wp-json\/wp\/v2\/posts"}],"about":[{"href":"https:\/\/agora.xtec.cat\/escolademusicsijpc\/wp-json\/wp\/v2\/types\/post"}],"author":[{"embeddable":true,"href":"https:\/\/agora.xtec.cat\/escolademusicsijpc\/wp-json\/wp\/v2\/users\/3"}],"replies":[{"embeddable":true,"href":"https:\/\/agora.xtec.cat\/escolademusicsijpc\/wp-json\/wp\/v2\/comments?post=9928"}],"version-history":[{"count":2,"href":"https:\/\/agora.xtec.cat\/escolademusicsijpc\/wp-json\/wp\/v2\/posts\/9928\/revisions"}],"predecessor-version":[{"id":9931,"href":"https:\/\/agora.xtec.cat\/escolademusicsijpc\/wp-json\/wp\/v2\/posts\/9928\/revisions\/9931"}],"wp:featuredmedia":[{"embeddable":true,"href":"https:\/\/agora.xtec.cat\/escolademusicsijpc\/wp-json\/wp\/v2\/media\/9929"}],"wp:attachment":[{"href":"https:\/\/agora.xtec.cat\/escolademusicsijpc\/wp-json\/wp\/v2\/media?parent=9928"}],"wp:term":[{"taxonomy":"category","embeddable":true,"href":"https:\/\/agora.xtec.cat\/escolademusicsijpc\/wp-json\/wp\/v2\/categories?post=9928"},{"taxonomy":"post_tag","embeddable":true,"href":"https:\/\/agora.xtec.cat\/escolademusicsijpc\/wp-json\/wp\/v2\/tags?post=9928"}],"curies":[{"name":"wp","href":"https:\/\/api.w.org\/{rel}","templated":true}]}}