{"id":9839,"date":"2024-02-20T19:46:07","date_gmt":"2024-02-20T18:46:07","guid":{"rendered":"https:\/\/agora.xtec.cat\/escolademusicsijpc\/?p=9839"},"modified":"2024-02-26T19:47:30","modified_gmt":"2024-02-26T18:47:30","slug":"music-professional","status":"publish","type":"post","link":"https:\/\/agora.xtec.cat\/escolademusicsijpc\/general\/music-professional\/","title":{"rendered":"M\u00fasic Professional?"},"content":{"rendered":"\r\n\r\nEt planteges ser m\u00fasic professional?\r\n\r\n \r\n\r\nDins del nivell professional, s&#8217;adquireixen coneixements molt m\u00e9s extensos, amb una durada de 6 anys. La franja d&#8217;edat \u00e9s de 12 a 17 anys, per\u00f2 qualsevol persona amb ganes de ser m\u00fasic professional i una base d&#8217;estudis pr\u00e8via pot fer-ho. En aquest nivell, recomanem prendre classes d&#8217;un segon instrument.\u00a0<img loading=\"lazy\" decoding=\"async\" src=\"https:\/\/static.xx.fbcdn.net\/images\/emoji.php\/v9\/t9e\/1\/16\/1f3b5.png\" alt=\"\ud83c\udfb5\" width=\"16\" height=\"16\" \/><img loading=\"lazy\" decoding=\"async\" src=\"https:\/\/static.xx.fbcdn.net\/images\/emoji.php\/v9\/t25\/1\/16\/1f393.png\" alt=\"\ud83c\udf93\" width=\"16\" height=\"16\" \/>\r\n\r\n\r\n\r\n<a href=\"https:\/\/agora.xtec.cat\/escolademusicsijpc\/wp-content\/uploads\/usu459\/2024\/02\/428366544_911832807397365_4856805071150485289_n.jpg\"><img loading=\"lazy\" decoding=\"async\" class=\"aligncenter size-large wp-image-9840\" src=\"https:\/\/agora.xtec.cat\/escolademusicsijpc\/wp-content\/uploads\/usu459\/2024\/02\/428366544_911832807397365_4856805071150485289_n-1024x682.jpg\" alt=\"\" width=\"1024\" height=\"682\" srcset=\"https:\/\/agora.xtec.cat\/escolademusicsijpc\/wp-content\/uploads\/usu459\/2024\/02\/428366544_911832807397365_4856805071150485289_n-1024x682.jpg 1024w, https:\/\/agora.xtec.cat\/escolademusicsijpc\/wp-content\/uploads\/usu459\/2024\/02\/428366544_911832807397365_4856805071150485289_n-300x200.jpg 300w, https:\/\/agora.xtec.cat\/escolademusicsijpc\/wp-content\/uploads\/usu459\/2024\/02\/428366544_911832807397365_4856805071150485289_n-768x511.jpg 768w, https:\/\/agora.xtec.cat\/escolademusicsijpc\/wp-content\/uploads\/usu459\/2024\/02\/428366544_911832807397365_4856805071150485289_n-1536x1022.jpg 1536w, https:\/\/agora.xtec.cat\/escolademusicsijpc\/wp-content\/uploads\/usu459\/2024\/02\/428366544_911832807397365_4856805071150485289_n.jpg 2048w\" sizes=\"auto, (max-width: 1024px) 100vw, 1024px\" \/><\/a>","protected":false},"excerpt":{"rendered":"<p>Et planteges ser m\u00fasic professional?<\/p>\n<p>Dins del nivell professional, s&#8217;adquireixen coneixements molt m\u00e9s extensos, amb una durada de 6 anys. La franja d&#8217;edat \u00e9s de 12 a 17 anys, per\u00f2 qualsevol persona amb ganes de ser m\u00fasic professional i una base d&#8217;estudis pr\u00e8via pot fer-ho.&hellip;  <a href=\"https:\/\/agora.xtec.cat\/escolademusicsijpc\/general\/music-professional\/\" title=\"Read M\u00fasic Professional?\">Llegeix m\u00e9s\u00bb<\/a><\/p>\n","protected":false},"author":3,"featured_media":9840,"comment_status":"open","ping_status":"closed","sticky":false,"template":"","format":"standard","meta":{"_bbp_topic_count":0,"_bbp_reply_count":0,"_bbp_total_topic_count":0,"_bbp_total_reply_count":0,"_bbp_voice_count":0,"_bbp_anonymous_reply_count":0,"_bbp_topic_count_hidden":0,"_bbp_reply_count_hidden":0,"_bbp_forum_subforum_count":0,"footnotes":""},"categories":[1,104],"tags":[],"class_list":["post-9839","post","type-post","status-publish","format-standard","has-post-thumbnail","hentry","category-general","category-uncategorized"],"post_mailing_queue_ids":[],"_links":{"self":[{"href":"https:\/\/agora.xtec.cat\/escolademusicsijpc\/wp-json\/wp\/v2\/posts\/9839","targetHints":{"allow":["GET"]}}],"collection":[{"href":"https:\/\/agora.xtec.cat\/escolademusicsijpc\/wp-json\/wp\/v2\/posts"}],"about":[{"href":"https:\/\/agora.xtec.cat\/escolademusicsijpc\/wp-json\/wp\/v2\/types\/post"}],"author":[{"embeddable":true,"href":"https:\/\/agora.xtec.cat\/escolademusicsijpc\/wp-json\/wp\/v2\/users\/3"}],"replies":[{"embeddable":true,"href":"https:\/\/agora.xtec.cat\/escolademusicsijpc\/wp-json\/wp\/v2\/comments?post=9839"}],"version-history":[{"count":1,"href":"https:\/\/agora.xtec.cat\/escolademusicsijpc\/wp-json\/wp\/v2\/posts\/9839\/revisions"}],"predecessor-version":[{"id":9841,"href":"https:\/\/agora.xtec.cat\/escolademusicsijpc\/wp-json\/wp\/v2\/posts\/9839\/revisions\/9841"}],"wp:featuredmedia":[{"embeddable":true,"href":"https:\/\/agora.xtec.cat\/escolademusicsijpc\/wp-json\/wp\/v2\/media\/9840"}],"wp:attachment":[{"href":"https:\/\/agora.xtec.cat\/escolademusicsijpc\/wp-json\/wp\/v2\/media?parent=9839"}],"wp:term":[{"taxonomy":"category","embeddable":true,"href":"https:\/\/agora.xtec.cat\/escolademusicsijpc\/wp-json\/wp\/v2\/categories?post=9839"},{"taxonomy":"post_tag","embeddable":true,"href":"https:\/\/agora.xtec.cat\/escolademusicsijpc\/wp-json\/wp\/v2\/tags?post=9839"}],"curies":[{"name":"wp","href":"https:\/\/api.w.org\/{rel}","templated":true}]}}