{"id":9835,"date":"2024-02-26T19:45:47","date_gmt":"2024-02-26T18:45:47","guid":{"rendered":"https:\/\/agora.xtec.cat\/escolademusicsijpc\/?p=9835"},"modified":"2024-02-26T19:45:49","modified_gmt":"2024-02-26T18:45:49","slug":"musics-des-de-ben-petits","status":"publish","type":"post","link":"https:\/\/agora.xtec.cat\/escolademusicsijpc\/general\/musics-des-de-ben-petits\/","title":{"rendered":"M\u00fasics des de ben petits"},"content":{"rendered":"\r\n<p>Inicia el teu fill en el m\u00f3n de la m\u00fasica amb la sensibilitzaci\u00f3 musical a l\u2019Escola de M\u00fasics i JPC. Classes per a nens d\u20191 a 5 anys, on aprenen a trav\u00e9s del joc, la dansa i les can\u00e7ons.<\/p>\r\n\r\n\r\n\r\n<p>Desenvolupa la seva expressi\u00f3 musical des de ben petits!\u00a0<img loading=\"lazy\" decoding=\"async\" src=\"https:\/\/static.xx.fbcdn.net\/images\/emoji.php\/v9\/t1f\/1\/16\/1f3b6.png\" alt=\"\ud83c\udfb6\" width=\"16\" height=\"16\" \/><img loading=\"lazy\" decoding=\"async\" src=\"https:\/\/static.xx.fbcdn.net\/images\/emoji.php\/v9\/tab\/1\/16\/1f476.png\" alt=\"\ud83d\udc76\" width=\"16\" height=\"16\" \/> <a href=\"https:\/\/agora.xtec.cat\/escolademusicsijpc\/wp-content\/uploads\/usu459\/2024\/02\/428391589_911833700730609_4844173092498477739_n.jpg\"><img loading=\"lazy\" decoding=\"async\" class=\"aligncenter size-large wp-image-9836\" src=\"https:\/\/agora.xtec.cat\/escolademusicsijpc\/wp-content\/uploads\/usu459\/2024\/02\/428391589_911833700730609_4844173092498477739_n-819x1024.jpg\" alt=\"\" width=\"819\" height=\"1024\" srcset=\"https:\/\/agora.xtec.cat\/escolademusicsijpc\/wp-content\/uploads\/usu459\/2024\/02\/428391589_911833700730609_4844173092498477739_n-819x1024.jpg 819w, https:\/\/agora.xtec.cat\/escolademusicsijpc\/wp-content\/uploads\/usu459\/2024\/02\/428391589_911833700730609_4844173092498477739_n-240x300.jpg 240w, https:\/\/agora.xtec.cat\/escolademusicsijpc\/wp-content\/uploads\/usu459\/2024\/02\/428391589_911833700730609_4844173092498477739_n-768x960.jpg 768w, https:\/\/agora.xtec.cat\/escolademusicsijpc\/wp-content\/uploads\/usu459\/2024\/02\/428391589_911833700730609_4844173092498477739_n.jpg 1152w\" sizes=\"auto, (max-width: 819px) 100vw, 819px\" \/><\/a><\/p>\r\n","protected":false},"excerpt":{"rendered":"<p>Inicia el teu fill en el m\u00f3n de la m\u00fasica amb la sensibilitzaci\u00f3 musical a l\u2019Escola de M\u00fasics i JPC. Classes per a nens d\u20191 a 5 anys, on aprenen a trav\u00e9s del joc, la dansa i les can\u00e7ons.<\/p>\n<p>Desenvolupa la seva expressi\u00f3 musical des de&hellip;  <a href=\"https:\/\/agora.xtec.cat\/escolademusicsijpc\/general\/musics-des-de-ben-petits\/\" title=\"Read M\u00fasics des de ben petits\">Llegeix m\u00e9s\u00bb<\/a><\/p>\n","protected":false},"author":3,"featured_media":9836,"comment_status":"open","ping_status":"closed","sticky":false,"template":"","format":"standard","meta":{"_bbp_topic_count":0,"_bbp_reply_count":0,"_bbp_total_topic_count":0,"_bbp_total_reply_count":0,"_bbp_voice_count":0,"_bbp_anonymous_reply_count":0,"_bbp_topic_count_hidden":0,"_bbp_reply_count_hidden":0,"_bbp_forum_subforum_count":0,"footnotes":""},"categories":[1,104],"tags":[],"class_list":["post-9835","post","type-post","status-publish","format-standard","has-post-thumbnail","hentry","category-general","category-uncategorized"],"post_mailing_queue_ids":[],"_links":{"self":[{"href":"https:\/\/agora.xtec.cat\/escolademusicsijpc\/wp-json\/wp\/v2\/posts\/9835","targetHints":{"allow":["GET"]}}],"collection":[{"href":"https:\/\/agora.xtec.cat\/escolademusicsijpc\/wp-json\/wp\/v2\/posts"}],"about":[{"href":"https:\/\/agora.xtec.cat\/escolademusicsijpc\/wp-json\/wp\/v2\/types\/post"}],"author":[{"embeddable":true,"href":"https:\/\/agora.xtec.cat\/escolademusicsijpc\/wp-json\/wp\/v2\/users\/3"}],"replies":[{"embeddable":true,"href":"https:\/\/agora.xtec.cat\/escolademusicsijpc\/wp-json\/wp\/v2\/comments?post=9835"}],"version-history":[{"count":2,"href":"https:\/\/agora.xtec.cat\/escolademusicsijpc\/wp-json\/wp\/v2\/posts\/9835\/revisions"}],"predecessor-version":[{"id":9838,"href":"https:\/\/agora.xtec.cat\/escolademusicsijpc\/wp-json\/wp\/v2\/posts\/9835\/revisions\/9838"}],"wp:featuredmedia":[{"embeddable":true,"href":"https:\/\/agora.xtec.cat\/escolademusicsijpc\/wp-json\/wp\/v2\/media\/9836"}],"wp:attachment":[{"href":"https:\/\/agora.xtec.cat\/escolademusicsijpc\/wp-json\/wp\/v2\/media?parent=9835"}],"wp:term":[{"taxonomy":"category","embeddable":true,"href":"https:\/\/agora.xtec.cat\/escolademusicsijpc\/wp-json\/wp\/v2\/categories?post=9835"},{"taxonomy":"post_tag","embeddable":true,"href":"https:\/\/agora.xtec.cat\/escolademusicsijpc\/wp-json\/wp\/v2\/tags?post=9835"}],"curies":[{"name":"wp","href":"https:\/\/api.w.org\/{rel}","templated":true}]}}