{"id":9805,"date":"2024-02-08T17:31:38","date_gmt":"2024-02-08T16:31:38","guid":{"rendered":"https:\/\/agora.xtec.cat\/escolademusicsijpc\/?p=9805"},"modified":"2024-02-13T17:33:06","modified_gmt":"2024-02-13T16:33:06","slug":"el-poder-de-la-veu","status":"publish","type":"post","link":"https:\/\/agora.xtec.cat\/escolademusicsijpc\/general\/el-poder-de-la-veu\/","title":{"rendered":"El poder de la veu"},"content":{"rendered":"<p>Apunta\u2019t a les classes de cant a l\u2019Escola de M\u00fasics i JPC! Desenvolupa la teva veu amb les nostres classes de cant cl\u00e0ssic i modern. T\u00e8cnica vocal, respiraci\u00f3, harmonia i m\u00e9s. Descobreix el poder de la teva veu!\u00a0<img loading=\"lazy\" decoding=\"async\" src=\"https:\/\/static.xx.fbcdn.net\/images\/emoji.php\/v9\/t7e\/1\/16\/1f3a4.png\" alt=\"\ud83c\udfa4\" width=\"16\" height=\"16\" \/><img loading=\"lazy\" decoding=\"async\" src=\"https:\/\/static.xx.fbcdn.net\/images\/emoji.php\/v9\/t1f\/1\/16\/1f3b6.png\" alt=\"\ud83c\udfb6\" width=\"16\" height=\"16\" \/><\/p>\n<p><a href=\"https:\/\/agora.xtec.cat\/escolademusicsijpc\/wp-content\/uploads\/usu459\/2024\/02\/424896795_904409094806403_1051715731931593993_n.webp\"><img loading=\"lazy\" decoding=\"async\" class=\"aligncenter size-full wp-image-9806\" src=\"https:\/\/agora.xtec.cat\/escolademusicsijpc\/wp-content\/uploads\/usu459\/2024\/02\/424896795_904409094806403_1051715731931593993_n.webp\" alt=\"\" width=\"839\" height=\"558\" srcset=\"https:\/\/agora.xtec.cat\/escolademusicsijpc\/wp-content\/uploads\/usu459\/2024\/02\/424896795_904409094806403_1051715731931593993_n.webp 839w, https:\/\/agora.xtec.cat\/escolademusicsijpc\/wp-content\/uploads\/usu459\/2024\/02\/424896795_904409094806403_1051715731931593993_n-300x200.webp 300w, https:\/\/agora.xtec.cat\/escolademusicsijpc\/wp-content\/uploads\/usu459\/2024\/02\/424896795_904409094806403_1051715731931593993_n-768x511.webp 768w\" sizes=\"auto, (max-width: 839px) 100vw, 839px\" \/><\/a><\/p>\n","protected":false},"excerpt":{"rendered":"<p>Apunta\u2019t a les classes de cant a l\u2019Escola de M\u00fasics i JPC! Desenvolupa la teva veu amb les nostres classes de cant cl\u00e0ssic i modern. T\u00e8cnica vocal, respiraci\u00f3, harmonia i m\u00e9s. Descobreix el poder de la teva veu!\u00a0<br \/>\n<a href=\"https:\/\/agora.xtec.cat\/escolademusicsijpc\/wp-content\/uploads\/usu459\/2024\/02\/424896795_904409094806403_1051715731931593993_n.webp\"><\/a><\/p>\n","protected":false},"author":3,"featured_media":9806,"comment_status":"open","ping_status":"closed","sticky":false,"template":"","format":"standard","meta":{"_bbp_topic_count":0,"_bbp_reply_count":0,"_bbp_total_topic_count":0,"_bbp_total_reply_count":0,"_bbp_voice_count":0,"_bbp_anonymous_reply_count":0,"_bbp_topic_count_hidden":0,"_bbp_reply_count_hidden":0,"_bbp_forum_subforum_count":0,"footnotes":""},"categories":[1,104],"tags":[],"class_list":["post-9805","post","type-post","status-publish","format-standard","has-post-thumbnail","hentry","category-general","category-uncategorized"],"post_mailing_queue_ids":[],"_links":{"self":[{"href":"https:\/\/agora.xtec.cat\/escolademusicsijpc\/wp-json\/wp\/v2\/posts\/9805","targetHints":{"allow":["GET"]}}],"collection":[{"href":"https:\/\/agora.xtec.cat\/escolademusicsijpc\/wp-json\/wp\/v2\/posts"}],"about":[{"href":"https:\/\/agora.xtec.cat\/escolademusicsijpc\/wp-json\/wp\/v2\/types\/post"}],"author":[{"embeddable":true,"href":"https:\/\/agora.xtec.cat\/escolademusicsijpc\/wp-json\/wp\/v2\/users\/3"}],"replies":[{"embeddable":true,"href":"https:\/\/agora.xtec.cat\/escolademusicsijpc\/wp-json\/wp\/v2\/comments?post=9805"}],"version-history":[{"count":1,"href":"https:\/\/agora.xtec.cat\/escolademusicsijpc\/wp-json\/wp\/v2\/posts\/9805\/revisions"}],"predecessor-version":[{"id":9807,"href":"https:\/\/agora.xtec.cat\/escolademusicsijpc\/wp-json\/wp\/v2\/posts\/9805\/revisions\/9807"}],"wp:featuredmedia":[{"embeddable":true,"href":"https:\/\/agora.xtec.cat\/escolademusicsijpc\/wp-json\/wp\/v2\/media\/9806"}],"wp:attachment":[{"href":"https:\/\/agora.xtec.cat\/escolademusicsijpc\/wp-json\/wp\/v2\/media?parent=9805"}],"wp:term":[{"taxonomy":"category","embeddable":true,"href":"https:\/\/agora.xtec.cat\/escolademusicsijpc\/wp-json\/wp\/v2\/categories?post=9805"},{"taxonomy":"post_tag","embeddable":true,"href":"https:\/\/agora.xtec.cat\/escolademusicsijpc\/wp-json\/wp\/v2\/tags?post=9805"}],"curies":[{"name":"wp","href":"https:\/\/api.w.org\/{rel}","templated":true}]}}