{"id":9802,"date":"2024-02-06T17:29:57","date_gmt":"2024-02-06T16:29:57","guid":{"rendered":"https:\/\/agora.xtec.cat\/escolademusicsijpc\/?p=9802"},"modified":"2024-02-13T17:31:27","modified_gmt":"2024-02-13T16:31:27","slug":"escull-un-instrument","status":"publish","type":"post","link":"https:\/\/agora.xtec.cat\/escolademusicsijpc\/general\/escull-un-instrument\/","title":{"rendered":"Escull un  instrument"},"content":{"rendered":"<p>Descobreix els instruments que tenim a l\u2019Escola de M\u00fasics i JPC. Triomfa en la teva elecci\u00f3 entre corda fregada, corda percudida, vent fusta, vent metall i instruments moderns. Quin ser\u00e0 el teu favorit? Deixa\u2019t inspirar!\u00a0<img loading=\"lazy\" decoding=\"async\" src=\"https:\/\/static.xx.fbcdn.net\/images\/emoji.php\/v9\/t21\/1\/16\/1f3b8.png\" alt=\"\ud83c\udfb8\" width=\"16\" height=\"16\" \/><img loading=\"lazy\" decoding=\"async\" src=\"https:\/\/static.xx.fbcdn.net\/images\/emoji.php\/v9\/tca\/1\/16\/1f3ba.png\" alt=\"\ud83c\udfba\" width=\"16\" height=\"16\" \/><img loading=\"lazy\" decoding=\"async\" src=\"https:\/\/static.xx.fbcdn.net\/images\/emoji.php\/v9\/ta2\/1\/16\/1f3b9.png\" alt=\"\ud83c\udfb9\" width=\"16\" height=\"16\" \/><\/p>\n<p><a href=\"https:\/\/agora.xtec.cat\/escolademusicsijpc\/wp-content\/uploads\/usu459\/2024\/02\/424729831_904401071473872_2559641777587110516_n.webp\"><img loading=\"lazy\" decoding=\"async\" class=\"aligncenter size-full wp-image-9803\" src=\"https:\/\/agora.xtec.cat\/escolademusicsijpc\/wp-content\/uploads\/usu459\/2024\/02\/424729831_904401071473872_2559641777587110516_n.webp\" alt=\"\" width=\"839\" height=\"472\" srcset=\"https:\/\/agora.xtec.cat\/escolademusicsijpc\/wp-content\/uploads\/usu459\/2024\/02\/424729831_904401071473872_2559641777587110516_n.webp 839w, https:\/\/agora.xtec.cat\/escolademusicsijpc\/wp-content\/uploads\/usu459\/2024\/02\/424729831_904401071473872_2559641777587110516_n-300x169.webp 300w, https:\/\/agora.xtec.cat\/escolademusicsijpc\/wp-content\/uploads\/usu459\/2024\/02\/424729831_904401071473872_2559641777587110516_n-768x432.webp 768w\" sizes=\"auto, (max-width: 839px) 100vw, 839px\" \/><\/a><\/p>\n","protected":false},"excerpt":{"rendered":"<p>Descobreix els instruments que tenim a l\u2019Escola de M\u00fasics i JPC. Triomfa en la teva elecci\u00f3 entre corda fregada, corda percudida, vent fusta, vent metall i instruments moderns. Quin ser\u00e0 el teu favorit? Deixa\u2019t inspirar!\u00a0<br \/>\n<a href=\"https:\/\/agora.xtec.cat\/escolademusicsijpc\/wp-content\/uploads\/usu459\/2024\/02\/424729831_904401071473872_2559641777587110516_n.webp\"><\/a><\/p>\n","protected":false},"author":3,"featured_media":9803,"comment_status":"open","ping_status":"closed","sticky":false,"template":"","format":"standard","meta":{"_bbp_topic_count":0,"_bbp_reply_count":0,"_bbp_total_topic_count":0,"_bbp_total_reply_count":0,"_bbp_voice_count":0,"_bbp_anonymous_reply_count":0,"_bbp_topic_count_hidden":0,"_bbp_reply_count_hidden":0,"_bbp_forum_subforum_count":0,"footnotes":""},"categories":[1,104],"tags":[],"class_list":["post-9802","post","type-post","status-publish","format-standard","has-post-thumbnail","hentry","category-general","category-uncategorized"],"post_mailing_queue_ids":[],"_links":{"self":[{"href":"https:\/\/agora.xtec.cat\/escolademusicsijpc\/wp-json\/wp\/v2\/posts\/9802","targetHints":{"allow":["GET"]}}],"collection":[{"href":"https:\/\/agora.xtec.cat\/escolademusicsijpc\/wp-json\/wp\/v2\/posts"}],"about":[{"href":"https:\/\/agora.xtec.cat\/escolademusicsijpc\/wp-json\/wp\/v2\/types\/post"}],"author":[{"embeddable":true,"href":"https:\/\/agora.xtec.cat\/escolademusicsijpc\/wp-json\/wp\/v2\/users\/3"}],"replies":[{"embeddable":true,"href":"https:\/\/agora.xtec.cat\/escolademusicsijpc\/wp-json\/wp\/v2\/comments?post=9802"}],"version-history":[{"count":1,"href":"https:\/\/agora.xtec.cat\/escolademusicsijpc\/wp-json\/wp\/v2\/posts\/9802\/revisions"}],"predecessor-version":[{"id":9804,"href":"https:\/\/agora.xtec.cat\/escolademusicsijpc\/wp-json\/wp\/v2\/posts\/9802\/revisions\/9804"}],"wp:featuredmedia":[{"embeddable":true,"href":"https:\/\/agora.xtec.cat\/escolademusicsijpc\/wp-json\/wp\/v2\/media\/9803"}],"wp:attachment":[{"href":"https:\/\/agora.xtec.cat\/escolademusicsijpc\/wp-json\/wp\/v2\/media?parent=9802"}],"wp:term":[{"taxonomy":"category","embeddable":true,"href":"https:\/\/agora.xtec.cat\/escolademusicsijpc\/wp-json\/wp\/v2\/categories?post=9802"},{"taxonomy":"post_tag","embeddable":true,"href":"https:\/\/agora.xtec.cat\/escolademusicsijpc\/wp-json\/wp\/v2\/tags?post=9802"}],"curies":[{"name":"wp","href":"https:\/\/api.w.org\/{rel}","templated":true}]}}