{"id":9737,"date":"2023-11-30T17:01:30","date_gmt":"2023-11-30T16:01:30","guid":{"rendered":"https:\/\/agora.xtec.cat\/escolademusicsijpc\/?p=9737"},"modified":"2024-02-09T17:12:38","modified_gmt":"2024-02-09T16:12:38","slug":"proves-dacces-a-conservatoris-superior-i-classes-magistrals-a-lescola-de-musics-i-jpc","status":"publish","type":"post","link":"https:\/\/agora.xtec.cat\/escolademusicsijpc\/general\/proves-dacces-a-conservatoris-superior-i-classes-magistrals-a-lescola-de-musics-i-jpc\/","title":{"rendered":"Proves d\u2019acc\u00e9s a conservatoris superior i classes magistrals a l&#8217;Escola de M\u00fasics i JPC"},"content":{"rendered":"\r\n<p>Si somies amb una carrera com a m\u00fasic professional, <strong>l&#8217;Escola de M\u00fasics i JPC \u00e9s el teu aliat per superar les proves d&#8217;acc\u00e9s a l\u2019ESMUC<\/strong> (Escola Superior de M\u00fasica de Catalunya) i altres conservatoris. El nostre dedicat equip de professors, amb una <strong>\u00e0mplia experi\u00e8ncia en m\u00fasica i doc\u00e8ncia<\/strong>, t\u2019acompanyar\u00e0 en aquest viatge cap a l&#8217;excel\u00b7l\u00e8ncia musical.<\/p>\r\n\r\n\r\n\r\n<h2 class=\"wp-block-heading\">Classes Magistrals i Proves d\u2019Acc\u00e9s a Conservatoris Superiors<\/h2>\r\n\r\n\r\n\r\n<p><strong>La nostra oferta educativa \u00e9s diversa, adre\u00e7ada a un p\u00fablic variat<\/strong>. A l&#8217;Escola de M\u00fasics i JPC, oferim cursos que van des de l&#8217;aprofundiment en el repertori instrumental fins a la pedagogia de l&#8217;instrument, beneficiant tant als joves amb inter\u00e8s com als professors d&#8217;escoles de m\u00fasica i conservatoris. Tamb\u00e9 <strong>preparem estudiants de nivell professional<\/strong> i superior que busquen perfeccionar la seva t\u00e8cnica.<\/p>\r\n\r\n\r\n\r\n<p>En el complex panorama musical actual a Catalunya, <strong>molts estudiants es troben amb desorientaci\u00f3 en el proc\u00e9s d&#8217;acc\u00e9s<\/strong> als graus superiors de m\u00fasica. Canvis legislatius constants i diversitat de centres han creat aquesta incertesa.<\/p>\r\n\r\n\r\n\r\n<p>Amb la nostra llarga traject\u00f2ria docent, l&#8217;Escola de M\u00fasics i JPC s&#8217;ha adaptat oferint cursos preparatoris que donen als estudiants<strong> m\u00e9s seguretat i garanties d&#8217;\u00e8xit<\/strong> en els seus prop\u00f2sits, sigui accedir al Grau Superior o optar per altres oportunitats professionals relacionades amb la m\u00fasica.<\/p>\r\n\r\n\r\n\r\n<p>Les classes magistrals, postgraus i cursos d\u2019especialitzaci\u00f3 formen part de l&#8217;oferta de l&#8217;escola i estan dissenyats per a diversos perfils:<\/p>\r\n\r\n\r\n\r\n<ul class=\"wp-block-list\">\r\n<li><strong>1. Joves M\u00fasics:<\/strong> Amb un inter\u00e8s especial en el repertori instrumental.<\/li>\r\n\r\n\r\n\r\n<li><strong>2. Professors d&#8217;Escoles de M\u00fasica i Conservatoris:<\/strong> Amb la voluntat d&#8217;aprofundir en la pedagogia de l&#8217;instrument.<\/li>\r\n\r\n\r\n\r\n<li><strong>3. Estudiants de Nivell Professional i Superior:<\/strong> Amb l&#8217;objectiu de treballar la t\u00e8cnica i el repertori instrumental.<\/li>\r\n<\/ul>\r\n\r\n\r\n\r\n<h2 class=\"wp-block-heading\">Programa d&#8217;Estudi<\/h2>\r\n\r\n\r\n\r\n<p>L&#8217;Escola ofereix tres programes d&#8217;estudi, <strong>destacant el Programa Oficial<\/strong>, recomanat per adquirir una base s\u00f2lida en m\u00fasica:<\/p>\r\n\r\n\r\n\r\n<ul class=\"wp-block-list\">\r\n<li><strong>1. Nivell Iniciaci\u00f3:<\/strong> Menors de 6 anys amb sensibilitzaci\u00f3 musical.<\/li>\r\n\r\n\r\n\r\n<li><strong>2. Nivell Elemental:<\/strong> Menors de 13 anys amb cicle de llenguatge musical i instrument.<\/li>\r\n\r\n\r\n\r\n<li><strong>3. Nivell Professional:<\/strong> Majors de 13 anys amb estudis avan\u00e7ats en llenguatge i harmonia moderna o cl\u00e0ssica, a m\u00e9s d&#8217;instrument i participaci\u00f3 en grups.<\/li>\r\n<\/ul>\r\n\r\n\r\n\r\n<p><strong>Els altres dos programes, Lliure Grupal i Lliure<\/strong>, ofereixen flexibilitat en la programaci\u00f3, permetent als estudiants triar la seva pr\u00f2pia ruta, sigui amb assignatures grups o sense elles.<\/p>\r\n\r\n\r\n\r\n<p>Amb l&#8217;Escola de M\u00fasics i JPC, <strong>est\u00e0s preparat per afrontar els reptes de l&#8217;acc\u00e9s als conservatoris superiors<\/strong> i gaudir d&#8217;una educaci\u00f3 musical excepcional.<\/p>\r\n<p><a href=\"https:\/\/agora.xtec.cat\/escolademusicsijpc\/wp-content\/uploads\/usu459\/2023\/11\/cello-7219171_1280-1.webp\"><img loading=\"lazy\" decoding=\"async\" class=\"aligncenter size-full wp-image-9740\" src=\"https:\/\/agora.xtec.cat\/escolademusicsijpc\/wp-content\/uploads\/usu459\/2023\/11\/cello-7219171_1280-1.webp\" alt=\"\" width=\"840\" height=\"559\" srcset=\"https:\/\/agora.xtec.cat\/escolademusicsijpc\/wp-content\/uploads\/usu459\/2023\/11\/cello-7219171_1280-1.webp 840w, https:\/\/agora.xtec.cat\/escolademusicsijpc\/wp-content\/uploads\/usu459\/2023\/11\/cello-7219171_1280-1-300x200.webp 300w, https:\/\/agora.xtec.cat\/escolademusicsijpc\/wp-content\/uploads\/usu459\/2023\/11\/cello-7219171_1280-1-768x511.webp 768w\" sizes=\"auto, (max-width: 840px) 100vw, 840px\" \/><\/a><\/p>\r\n","protected":false},"excerpt":{"rendered":"<p>Si somies amb una carrera com a m\u00fasic professional, l&#8217;Escola de M\u00fasics i JPC \u00e9s el teu aliat per superar les proves d&#8217;acc\u00e9s a l\u2019ESMUC (Escola Superior de M\u00fasica de Catalunya) i altres conservatoris. El nostre dedicat equip de professors, amb una \u00e0mplia experi\u00e8ncia en&hellip;  <a href=\"https:\/\/agora.xtec.cat\/escolademusicsijpc\/general\/proves-dacces-a-conservatoris-superior-i-classes-magistrals-a-lescola-de-musics-i-jpc\/\" title=\"Read Proves d\u2019acc\u00e9s a conservatoris superior i classes magistrals a l&#8217;Escola de M\u00fasics i JPC\">Llegeix m\u00e9s\u00bb<\/a><\/p>\n","protected":false},"author":3,"featured_media":9740,"comment_status":"open","ping_status":"closed","sticky":false,"template":"","format":"standard","meta":{"_bbp_topic_count":0,"_bbp_reply_count":0,"_bbp_total_topic_count":0,"_bbp_total_reply_count":0,"_bbp_voice_count":0,"_bbp_anonymous_reply_count":0,"_bbp_topic_count_hidden":0,"_bbp_reply_count_hidden":0,"_bbp_forum_subforum_count":0,"footnotes":""},"categories":[1,104],"tags":[],"class_list":["post-9737","post","type-post","status-publish","format-standard","has-post-thumbnail","hentry","category-general","category-uncategorized"],"post_mailing_queue_ids":[],"_links":{"self":[{"href":"https:\/\/agora.xtec.cat\/escolademusicsijpc\/wp-json\/wp\/v2\/posts\/9737","targetHints":{"allow":["GET"]}}],"collection":[{"href":"https:\/\/agora.xtec.cat\/escolademusicsijpc\/wp-json\/wp\/v2\/posts"}],"about":[{"href":"https:\/\/agora.xtec.cat\/escolademusicsijpc\/wp-json\/wp\/v2\/types\/post"}],"author":[{"embeddable":true,"href":"https:\/\/agora.xtec.cat\/escolademusicsijpc\/wp-json\/wp\/v2\/users\/3"}],"replies":[{"embeddable":true,"href":"https:\/\/agora.xtec.cat\/escolademusicsijpc\/wp-json\/wp\/v2\/comments?post=9737"}],"version-history":[{"count":3,"href":"https:\/\/agora.xtec.cat\/escolademusicsijpc\/wp-json\/wp\/v2\/posts\/9737\/revisions"}],"predecessor-version":[{"id":9765,"href":"https:\/\/agora.xtec.cat\/escolademusicsijpc\/wp-json\/wp\/v2\/posts\/9737\/revisions\/9765"}],"wp:featuredmedia":[{"embeddable":true,"href":"https:\/\/agora.xtec.cat\/escolademusicsijpc\/wp-json\/wp\/v2\/media\/9740"}],"wp:attachment":[{"href":"https:\/\/agora.xtec.cat\/escolademusicsijpc\/wp-json\/wp\/v2\/media?parent=9737"}],"wp:term":[{"taxonomy":"category","embeddable":true,"href":"https:\/\/agora.xtec.cat\/escolademusicsijpc\/wp-json\/wp\/v2\/categories?post=9737"},{"taxonomy":"post_tag","embeddable":true,"href":"https:\/\/agora.xtec.cat\/escolademusicsijpc\/wp-json\/wp\/v2\/tags?post=9737"}],"curies":[{"name":"wp","href":"https:\/\/api.w.org\/{rel}","templated":true}]}}