{"id":9730,"date":"2023-11-22T19:00:10","date_gmt":"2023-11-22T18:00:10","guid":{"rendered":"https:\/\/agora.xtec.cat\/escolademusicsijpc\/?p=9730"},"modified":"2023-11-29T19:02:24","modified_gmt":"2023-11-29T18:02:24","slug":"santa-cecilia-patrona-de-la-musica","status":"publish","type":"post","link":"https:\/\/agora.xtec.cat\/escolademusicsijpc\/general\/santa-cecilia-patrona-de-la-musica\/","title":{"rendered":"Santa Cec\u00edlia, patrona de la M\u00fasica"},"content":{"rendered":"<p>Avui celebrem Santa Cec\u00edlia, patrona de la M\u00fasica, i el Dia Internacional de la M\u00fasica!<\/p>\n<p>Commemorem la m\u00e0gia que omple els nostres cors amb acords i notes. Gaudeix d&#8217;una jornada plena de m\u00fasica, talent i passi\u00f3.\u00a0<span class=\"x3nfvp2 x1j61x8r x1fcty0u xdj266r xhhsvwb xat24cr xgzva0m xxymvpz xlup9mm x1kky2od\"><img loading=\"lazy\" decoding=\"async\" class=\"xz74otr\" src=\"https:\/\/static.xx.fbcdn.net\/images\/emoji.php\/v9\/t1f\/1\/16\/1f3b6.png\" alt=\"\ud83c\udfb6\" width=\"16\" height=\"16\" \/><\/span><span class=\"x3nfvp2 x1j61x8r x1fcty0u xdj266r xhhsvwb xat24cr xgzva0m xxymvpz xlup9mm x1kky2od\"><img loading=\"lazy\" decoding=\"async\" class=\"xz74otr\" src=\"https:\/\/static.xx.fbcdn.net\/images\/emoji.php\/v9\/t6c\/1\/16\/2764.png\" alt=\"\u2764\ufe0f\" width=\"16\" height=\"16\" \/><\/span><\/p>\n<p><span class=\"x3nfvp2 x1j61x8r x1fcty0u xdj266r xhhsvwb xat24cr xgzva0m xxymvpz xlup9mm x1kky2od\"><img loading=\"lazy\" decoding=\"async\" class=\"xz74otr\" src=\"https:\/\/static.xx.fbcdn.net\/images\/emoji.php\/v9\/tb3\/1\/16\/1f517.png\" alt=\"\ud83d\udd17\" width=\"16\" height=\"16\" \/><\/span>\u00a0<a class=\"x1i10hfl xjbqb8w x6umtig x1b1mbwd xaqea5y xav7gou x9f619 x1ypdohk xt0psk2 xe8uvvx xdj266r x11i5rnm xat24cr x1mh8g0r xexx8yu x4uap5 x18d9i69 xkhd6sd x16tdsg8 x1hl2dhg xggy1nq x1a2a7pz xt0b8zv x1fey0fg\" tabindex=\"0\" role=\"link\" href=\"https:\/\/lescolademusicsijpc.wordpress.com\/?fbclid=IwAR0hJzWq13dShhtvY71QMpu6JYvhZXqCZKjvjjO5UX7xOZX12QsMIMbIBo8\" target=\"_blank\" rel=\"nofollow noopener noreferrer\">https:\/\/lescolademusicsijpc.wordpress.com\/<\/a><\/p>\n<p><a href=\"https:\/\/agora.xtec.cat\/escolademusicsijpc\/wp-content\/uploads\/usu459\/2023\/11\/400003331_857463019501011_1835016486918975200_n.jpg\"><img loading=\"lazy\" decoding=\"async\" class=\"aligncenter size-large wp-image-9732\" src=\"https:\/\/agora.xtec.cat\/escolademusicsijpc\/wp-content\/uploads\/usu459\/2023\/11\/400003331_857463019501011_1835016486918975200_n-1024x1024.jpg\" alt=\"\" width=\"1024\" height=\"1024\" srcset=\"https:\/\/agora.xtec.cat\/escolademusicsijpc\/wp-content\/uploads\/usu459\/2023\/11\/400003331_857463019501011_1835016486918975200_n-1024x1024.jpg 1024w, https:\/\/agora.xtec.cat\/escolademusicsijpc\/wp-content\/uploads\/usu459\/2023\/11\/400003331_857463019501011_1835016486918975200_n-300x300.jpg 300w, https:\/\/agora.xtec.cat\/escolademusicsijpc\/wp-content\/uploads\/usu459\/2023\/11\/400003331_857463019501011_1835016486918975200_n-150x150.jpg 150w, https:\/\/agora.xtec.cat\/escolademusicsijpc\/wp-content\/uploads\/usu459\/2023\/11\/400003331_857463019501011_1835016486918975200_n-768x768.jpg 768w, https:\/\/agora.xtec.cat\/escolademusicsijpc\/wp-content\/uploads\/usu459\/2023\/11\/400003331_857463019501011_1835016486918975200_n-1536x1536.jpg 1536w, https:\/\/agora.xtec.cat\/escolademusicsijpc\/wp-content\/uploads\/usu459\/2023\/11\/400003331_857463019501011_1835016486918975200_n.jpg 2048w\" sizes=\"auto, (max-width: 1024px) 100vw, 1024px\" \/><\/a><\/p>\n","protected":false},"excerpt":{"rendered":"<p>Avui celebrem Santa Cec\u00edlia, patrona de la M\u00fasica, i el Dia Internacional de la M\u00fasica!<br \/>\nCommemorem la m\u00e0gia que omple els nostres cors amb acords i notes. Gaudeix d&#8217;una jornada plena de m\u00fasica, talent i passi\u00f3.\u00a0<br \/>\n\u00a0<a class=\"x1i10hfl xjbqb8w x6umtig x1b1mbwd xaqea5y xav7gou x9f619 x1ypdohk xt0psk2 xe8uvvx&hellip;  <a href=\"https:\/\/agora.xtec.cat\/escolademusicsijpc\/general\/santa-cecilia-patrona-de-la-musica\/\" title=\"Read Santa Cec\u00edlia, patrona de la M\u00fasica\">Llegeix m\u00e9s\u00bb<\/a><\/p>\n","protected":false},"author":3,"featured_media":9732,"comment_status":"open","ping_status":"closed","sticky":false,"template":"","format":"standard","meta":{"_bbp_topic_count":0,"_bbp_reply_count":0,"_bbp_total_topic_count":0,"_bbp_total_reply_count":0,"_bbp_voice_count":0,"_bbp_anonymous_reply_count":0,"_bbp_topic_count_hidden":0,"_bbp_reply_count_hidden":0,"_bbp_forum_subforum_count":0,"footnotes":""},"categories":[1,104],"tags":[],"class_list":["post-9730","post","type-post","status-publish","format-standard","has-post-thumbnail","hentry","category-general","category-uncategorized"],"post_mailing_queue_ids":[],"_links":{"self":[{"href":"https:\/\/agora.xtec.cat\/escolademusicsijpc\/wp-json\/wp\/v2\/posts\/9730","targetHints":{"allow":["GET"]}}],"collection":[{"href":"https:\/\/agora.xtec.cat\/escolademusicsijpc\/wp-json\/wp\/v2\/posts"}],"about":[{"href":"https:\/\/agora.xtec.cat\/escolademusicsijpc\/wp-json\/wp\/v2\/types\/post"}],"author":[{"embeddable":true,"href":"https:\/\/agora.xtec.cat\/escolademusicsijpc\/wp-json\/wp\/v2\/users\/3"}],"replies":[{"embeddable":true,"href":"https:\/\/agora.xtec.cat\/escolademusicsijpc\/wp-json\/wp\/v2\/comments?post=9730"}],"version-history":[{"count":1,"href":"https:\/\/agora.xtec.cat\/escolademusicsijpc\/wp-json\/wp\/v2\/posts\/9730\/revisions"}],"predecessor-version":[{"id":9733,"href":"https:\/\/agora.xtec.cat\/escolademusicsijpc\/wp-json\/wp\/v2\/posts\/9730\/revisions\/9733"}],"wp:featuredmedia":[{"embeddable":true,"href":"https:\/\/agora.xtec.cat\/escolademusicsijpc\/wp-json\/wp\/v2\/media\/9732"}],"wp:attachment":[{"href":"https:\/\/agora.xtec.cat\/escolademusicsijpc\/wp-json\/wp\/v2\/media?parent=9730"}],"wp:term":[{"taxonomy":"category","embeddable":true,"href":"https:\/\/agora.xtec.cat\/escolademusicsijpc\/wp-json\/wp\/v2\/categories?post=9730"},{"taxonomy":"post_tag","embeddable":true,"href":"https:\/\/agora.xtec.cat\/escolademusicsijpc\/wp-json\/wp\/v2\/tags?post=9730"}],"curies":[{"name":"wp","href":"https:\/\/api.w.org\/{rel}","templated":true}]}}