{"id":9704,"date":"2023-11-14T17:25:17","date_gmt":"2023-11-14T16:25:17","guid":{"rendered":"https:\/\/agora.xtec.cat\/escolademusicsijpc\/?p=9704"},"modified":"2023-11-28T17:29:59","modified_gmt":"2023-11-28T16:29:59","slug":"aules-dassaig-2","status":"publish","type":"post","link":"https:\/\/agora.xtec.cat\/escolademusicsijpc\/general\/aules-dassaig-2\/","title":{"rendered":"Aules d&#8217;assaig"},"content":{"rendered":"<p>\ud83c\udfb5\ud83c\udfa4 L&#8217;escola ofereix aules i\u00a0books\u00a0d&#8217;assaig totalment\u00a0<span class=\"hiddenGrammarError\" style=\"padding-bottom: 2px; background-image: url('..\/..\/..\/..\/..\/images\/squiggle.png'); background-repeat: repeat-x; background-position: left bottom; cursor: default; color: #000000; font-family: 'Open Sans', Helvetica, Arial, sans-serif; font-size: 16px; font-style: normal; font-variant-ligatures: normal; font-variant-caps: normal; font-weight: 300; letter-spacing: normal; orphans: 2; text-align: start; text-indent: 0px; text-transform: none; widows: 2; word-spacing: 0px; -webkit-text-stroke-width: 0px; white-space: normal; text-decoration-thickness: initial; text-decoration-style: initial; text-decoration-color: initial;\">equipats<\/span>\u00a0per a grups, amb opcions econ\u00f2miques i una flexibilitat hor\u00e0ria \u00e0mplia. Pots reservar per assajar fins i tot els caps de setmana.\u00a0Contacta amb nosaltres\u00a0ara al 933 01 07 18 per con\u00e8ixer m\u00e9s detalls i fer la teva reserva.<\/p>\n<p>\ud83d\udd17 https:\/\/lescolademusicsijpc.wordpress.com\/<\/p>\n<p><a href=\"https:\/\/agora.xtec.cat\/escolademusicsijpc\/wp-content\/uploads\/usu459\/2023\/11\/400122065_857461052834541_2578903159297326816_n.jpg\"><img loading=\"lazy\" decoding=\"async\" class=\"aligncenter size-large wp-image-9705\" src=\"https:\/\/agora.xtec.cat\/escolademusicsijpc\/wp-content\/uploads\/usu459\/2023\/11\/400122065_857461052834541_2578903159297326816_n-1024x681.jpg\" alt=\"\" width=\"1024\" height=\"681\" srcset=\"https:\/\/agora.xtec.cat\/escolademusicsijpc\/wp-content\/uploads\/usu459\/2023\/11\/400122065_857461052834541_2578903159297326816_n-1024x681.jpg 1024w, https:\/\/agora.xtec.cat\/escolademusicsijpc\/wp-content\/uploads\/usu459\/2023\/11\/400122065_857461052834541_2578903159297326816_n-300x200.jpg 300w, https:\/\/agora.xtec.cat\/escolademusicsijpc\/wp-content\/uploads\/usu459\/2023\/11\/400122065_857461052834541_2578903159297326816_n-768x511.jpg 768w, https:\/\/agora.xtec.cat\/escolademusicsijpc\/wp-content\/uploads\/usu459\/2023\/11\/400122065_857461052834541_2578903159297326816_n-1536x1022.jpg 1536w, https:\/\/agora.xtec.cat\/escolademusicsijpc\/wp-content\/uploads\/usu459\/2023\/11\/400122065_857461052834541_2578903159297326816_n.jpg 2048w\" sizes=\"auto, (max-width: 1024px) 100vw, 1024px\" \/><\/a><\/p>\n","protected":false},"excerpt":{"rendered":"<p>\ud83c\udfb5\ud83c\udfa4 L&#8217;escola ofereix aules i\u00a0books\u00a0d&#8217;assaig totalment\u00a0equipats\u00a0per a grups, amb opcions econ\u00f2miques i una flexibilitat hor\u00e0ria \u00e0mplia. Pots reservar per assajar fins i tot els caps de setmana.\u00a0Contacta amb nosaltres\u00a0ara al 933 01 07 18 per con\u00e8ixer m\u00e9s detalls i fer la teva reserva.<br \/>\n\ud83d\udd17 https:\/\/lescolademusicsijpc.wordpress.com\/<br \/>\n<a href=\"https:\/\/agora.xtec.cat\/escolademusicsijpc\/wp-content\/uploads\/usu459\/2023\/11\/400122065_857461052834541_2578903159297326816_n.jpg\"><\/a><\/p>\n","protected":false},"author":3,"featured_media":9705,"comment_status":"open","ping_status":"closed","sticky":false,"template":"","format":"standard","meta":{"_bbp_topic_count":0,"_bbp_reply_count":0,"_bbp_total_topic_count":0,"_bbp_total_reply_count":0,"_bbp_voice_count":0,"_bbp_anonymous_reply_count":0,"_bbp_topic_count_hidden":0,"_bbp_reply_count_hidden":0,"_bbp_forum_subforum_count":0,"footnotes":""},"categories":[1,104],"tags":[],"class_list":["post-9704","post","type-post","status-publish","format-standard","has-post-thumbnail","hentry","category-general","category-uncategorized"],"post_mailing_queue_ids":[],"_links":{"self":[{"href":"https:\/\/agora.xtec.cat\/escolademusicsijpc\/wp-json\/wp\/v2\/posts\/9704","targetHints":{"allow":["GET"]}}],"collection":[{"href":"https:\/\/agora.xtec.cat\/escolademusicsijpc\/wp-json\/wp\/v2\/posts"}],"about":[{"href":"https:\/\/agora.xtec.cat\/escolademusicsijpc\/wp-json\/wp\/v2\/types\/post"}],"author":[{"embeddable":true,"href":"https:\/\/agora.xtec.cat\/escolademusicsijpc\/wp-json\/wp\/v2\/users\/3"}],"replies":[{"embeddable":true,"href":"https:\/\/agora.xtec.cat\/escolademusicsijpc\/wp-json\/wp\/v2\/comments?post=9704"}],"version-history":[{"count":1,"href":"https:\/\/agora.xtec.cat\/escolademusicsijpc\/wp-json\/wp\/v2\/posts\/9704\/revisions"}],"predecessor-version":[{"id":9706,"href":"https:\/\/agora.xtec.cat\/escolademusicsijpc\/wp-json\/wp\/v2\/posts\/9704\/revisions\/9706"}],"wp:featuredmedia":[{"embeddable":true,"href":"https:\/\/agora.xtec.cat\/escolademusicsijpc\/wp-json\/wp\/v2\/media\/9705"}],"wp:attachment":[{"href":"https:\/\/agora.xtec.cat\/escolademusicsijpc\/wp-json\/wp\/v2\/media?parent=9704"}],"wp:term":[{"taxonomy":"category","embeddable":true,"href":"https:\/\/agora.xtec.cat\/escolademusicsijpc\/wp-json\/wp\/v2\/categories?post=9704"},{"taxonomy":"post_tag","embeddable":true,"href":"https:\/\/agora.xtec.cat\/escolademusicsijpc\/wp-json\/wp\/v2\/tags?post=9704"}],"curies":[{"name":"wp","href":"https:\/\/api.w.org\/{rel}","templated":true}]}}