{"id":9701,"date":"2023-11-09T17:17:10","date_gmt":"2023-11-09T16:17:10","guid":{"rendered":"https:\/\/agora.xtec.cat\/escolademusicsijpc\/?p=9701"},"modified":"2023-11-28T17:21:08","modified_gmt":"2023-11-28T16:21:08","slug":"festival-ravals-2","status":"publish","type":"post","link":"https:\/\/agora.xtec.cat\/escolademusicsijpc\/general\/festival-ravals-2\/","title":{"rendered":"Festival Raval(s)"},"content":{"rendered":"<p><span class=\"x3nfvp2 x1j61x8r x1fcty0u xdj266r xhhsvwb xat24cr xgzva0m xxymvpz xlup9mm x1kky2od\"><img loading=\"lazy\" decoding=\"async\" class=\"xz74otr\" src=\"https:\/\/static.xx.fbcdn.net\/images\/emoji.php\/v9\/t1f\/1\/16\/1f3b6.png\" alt=\"\ud83c\udfb6\" width=\"16\" height=\"16\" \/><\/span> El dissabte 11 de novembre, les Corals L&#8217;EM ompliran de m\u00fasica la pla\u00e7a del MACBA al mat\u00ed i els Combos L&#8217;EM prendran la pla\u00e7a Josep Maria Folch i Torres a la tarda i nit com a part del Festival Raval(s). No et perdis aquesta celebraci\u00f3 musical a l&#8217;aire lliure! <span class=\"x3nfvp2 x1j61x8r x1fcty0u xdj266r xhhsvwb xat24cr xgzva0m xxymvpz xlup9mm x1kky2od\"><img loading=\"lazy\" decoding=\"async\" class=\"xz74otr\" src=\"https:\/\/static.xx.fbcdn.net\/images\/emoji.php\/v9\/t1f\/1\/16\/1f3b6.png\" alt=\"\ud83c\udfb6\" width=\"16\" height=\"16\" \/><\/span><span class=\"x3nfvp2 x1j61x8r x1fcty0u xdj266r xhhsvwb xat24cr xgzva0m xxymvpz xlup9mm x1kky2od\"><img loading=\"lazy\" decoding=\"async\" class=\"xz74otr\" src=\"https:\/\/static.xx.fbcdn.net\/images\/emoji.php\/v9\/t11\/1\/16\/1f306.png\" alt=\"\ud83c\udf06\" width=\"16\" height=\"16\" \/><\/span><\/p>\n<p><span class=\"x3nfvp2 x1j61x8r x1fcty0u xdj266r xhhsvwb xat24cr xgzva0m xxymvpz xlup9mm x1kky2od\"><img loading=\"lazy\" decoding=\"async\" class=\"xz74otr\" src=\"https:\/\/static.xx.fbcdn.net\/images\/emoji.php\/v9\/tb3\/1\/16\/1f517.png\" alt=\"\ud83d\udd17\" width=\"16\" height=\"16\" \/><\/span>\u00a0<a class=\"x1i10hfl xjbqb8w x6umtig x1b1mbwd xaqea5y xav7gou x9f619 x1ypdohk xt0psk2 xe8uvvx xdj266r x11i5rnm xat24cr x1mh8g0r xexx8yu x4uap5 x18d9i69 xkhd6sd x16tdsg8 x1hl2dhg xggy1nq x1a2a7pz xt0b8zv x1fey0fg\" tabindex=\"0\" role=\"link\" href=\"https:\/\/lescolademusicsijpc.wordpress.com\/?fbclid=IwAR2w7EqbJe3oRxFDMmqG4E_mp5l2W2eVNxffJKWqu2KMJTgiBcHoteLpOiE\" target=\"_blank\" rel=\"nofollow noopener noreferrer\">https:\/\/lescolademusicsijpc.wordpress.com\/<\/a><\/p>\n<p><a href=\"https:\/\/agora.xtec.cat\/escolademusicsijpc\/wp-content\/uploads\/usu459\/2023\/11\/396709381_852287836685196_6666738868667838597_n.jpg\"><img loading=\"lazy\" decoding=\"async\" class=\"aligncenter size-large wp-image-9702\" src=\"https:\/\/agora.xtec.cat\/escolademusicsijpc\/wp-content\/uploads\/usu459\/2023\/11\/396709381_852287836685196_6666738868667838597_n-1024x1024.jpg\" alt=\"\" width=\"1024\" height=\"1024\" srcset=\"https:\/\/agora.xtec.cat\/escolademusicsijpc\/wp-content\/uploads\/usu459\/2023\/11\/396709381_852287836685196_6666738868667838597_n-1024x1024.jpg 1024w, https:\/\/agora.xtec.cat\/escolademusicsijpc\/wp-content\/uploads\/usu459\/2023\/11\/396709381_852287836685196_6666738868667838597_n-300x300.jpg 300w, https:\/\/agora.xtec.cat\/escolademusicsijpc\/wp-content\/uploads\/usu459\/2023\/11\/396709381_852287836685196_6666738868667838597_n-150x150.jpg 150w, https:\/\/agora.xtec.cat\/escolademusicsijpc\/wp-content\/uploads\/usu459\/2023\/11\/396709381_852287836685196_6666738868667838597_n-768x768.jpg 768w, https:\/\/agora.xtec.cat\/escolademusicsijpc\/wp-content\/uploads\/usu459\/2023\/11\/396709381_852287836685196_6666738868667838597_n-1536x1536.jpg 1536w, https:\/\/agora.xtec.cat\/escolademusicsijpc\/wp-content\/uploads\/usu459\/2023\/11\/396709381_852287836685196_6666738868667838597_n.jpg 2048w\" sizes=\"auto, (max-width: 1024px) 100vw, 1024px\" \/><\/a><\/p>\n","protected":false},"excerpt":{"rendered":"<p> El dissabte 11 de novembre, les Corals L&#8217;EM ompliran de m\u00fasica la pla\u00e7a del MACBA al mat\u00ed i els Combos L&#8217;EM prendran la pla\u00e7a Josep Maria Folch i Torres a la tarda i nit com a part del Festival Raval(s). No et perdis aquesta&hellip;  <a href=\"https:\/\/agora.xtec.cat\/escolademusicsijpc\/general\/festival-ravals-2\/\" title=\"Read Festival Raval(s)\">Llegeix m\u00e9s\u00bb<\/a><\/p>\n","protected":false},"author":3,"featured_media":9702,"comment_status":"open","ping_status":"closed","sticky":false,"template":"","format":"standard","meta":{"_bbp_topic_count":0,"_bbp_reply_count":0,"_bbp_total_topic_count":0,"_bbp_total_reply_count":0,"_bbp_voice_count":0,"_bbp_anonymous_reply_count":0,"_bbp_topic_count_hidden":0,"_bbp_reply_count_hidden":0,"_bbp_forum_subforum_count":0,"footnotes":""},"categories":[62,66,1,133,104],"tags":[],"class_list":["post-9701","post","type-post","status-publish","format-standard","has-post-thumbnail","hentry","category-combos","category-corals","category-general","category-grups","category-uncategorized"],"post_mailing_queue_ids":[],"_links":{"self":[{"href":"https:\/\/agora.xtec.cat\/escolademusicsijpc\/wp-json\/wp\/v2\/posts\/9701","targetHints":{"allow":["GET"]}}],"collection":[{"href":"https:\/\/agora.xtec.cat\/escolademusicsijpc\/wp-json\/wp\/v2\/posts"}],"about":[{"href":"https:\/\/agora.xtec.cat\/escolademusicsijpc\/wp-json\/wp\/v2\/types\/post"}],"author":[{"embeddable":true,"href":"https:\/\/agora.xtec.cat\/escolademusicsijpc\/wp-json\/wp\/v2\/users\/3"}],"replies":[{"embeddable":true,"href":"https:\/\/agora.xtec.cat\/escolademusicsijpc\/wp-json\/wp\/v2\/comments?post=9701"}],"version-history":[{"count":1,"href":"https:\/\/agora.xtec.cat\/escolademusicsijpc\/wp-json\/wp\/v2\/posts\/9701\/revisions"}],"predecessor-version":[{"id":9703,"href":"https:\/\/agora.xtec.cat\/escolademusicsijpc\/wp-json\/wp\/v2\/posts\/9701\/revisions\/9703"}],"wp:featuredmedia":[{"embeddable":true,"href":"https:\/\/agora.xtec.cat\/escolademusicsijpc\/wp-json\/wp\/v2\/media\/9702"}],"wp:attachment":[{"href":"https:\/\/agora.xtec.cat\/escolademusicsijpc\/wp-json\/wp\/v2\/media?parent=9701"}],"wp:term":[{"taxonomy":"category","embeddable":true,"href":"https:\/\/agora.xtec.cat\/escolademusicsijpc\/wp-json\/wp\/v2\/categories?post=9701"},{"taxonomy":"post_tag","embeddable":true,"href":"https:\/\/agora.xtec.cat\/escolademusicsijpc\/wp-json\/wp\/v2\/tags?post=9701"}],"curies":[{"name":"wp","href":"https:\/\/api.w.org\/{rel}","templated":true}]}}