{"id":9652,"date":"2023-10-03T17:38:26","date_gmt":"2023-10-03T15:38:26","guid":{"rendered":"https:\/\/agora.xtec.cat\/escolademusicsijpc\/?p=9652"},"modified":"2023-11-23T17:41:27","modified_gmt":"2023-11-23T16:41:27","slug":"programa-oficial-lliure-o-lliuregrupal","status":"publish","type":"post","link":"https:\/\/agora.xtec.cat\/escolademusicsijpc\/general\/programa-oficial-lliure-o-lliuregrupal\/","title":{"rendered":"Programa oficial, lliure o lliure+grupal"},"content":{"rendered":"<p>T&#8217;apassiona la m\u00fasica? A L&#8217; Escola de M\u00fasics i JPC tenim l&#8217;opci\u00f3 perfecta per a tu!\u00a0<span class=\"x3nfvp2 x1j61x8r x1fcty0u xdj266r xhhsvwb xat24cr xgzva0m xxymvpz xlup9mm x1kky2od\"><img loading=\"lazy\" decoding=\"async\" class=\"xz74otr\" src=\"https:\/\/static.xx.fbcdn.net\/images\/emoji.php\/v9\/t1f\/1\/16\/1f3b6.png\" alt=\"\ud83c\udfb6\" width=\"16\" height=\"16\" \/><\/span><\/p>\n<p><span class=\"x3nfvp2 x1j61x8r x1fcty0u xdj266r xhhsvwb xat24cr xgzva0m xxymvpz xlup9mm x1kky2od\"><img loading=\"lazy\" decoding=\"async\" class=\"xz74otr\" src=\"https:\/\/static.xx.fbcdn.net\/images\/emoji.php\/v9\/t25\/1\/16\/1f393.png\" alt=\"\ud83c\udf93\" width=\"16\" height=\"16\" \/><\/span>\u00a0Descobreix els nostres 3 programes d&#8217;estudi:<br \/>\n<span class=\"x3nfvp2 x1j61x8r x1fcty0u xdj266r xhhsvwb xat24cr xgzva0m xxymvpz xlup9mm x1kky2od\"><img loading=\"lazy\" decoding=\"async\" class=\"xz74otr\" src=\"https:\/\/static.xx.fbcdn.net\/images\/emoji.php\/v9\/t7a\/1\/16\/31_20e3.png\" alt=\"1\ufe0f\u20e3\" width=\"16\" height=\"16\" \/><\/span>\u00a0Programa Oficial: Segueix la programaci\u00f3 aconsellada per l&#8217;escola.<br \/>\n<span class=\"x3nfvp2 x1j61x8r x1fcty0u xdj266r xhhsvwb xat24cr xgzva0m xxymvpz xlup9mm x1kky2od\"><img loading=\"lazy\" decoding=\"async\" class=\"xz74otr\" src=\"https:\/\/static.xx.fbcdn.net\/images\/emoji.php\/v9\/t99\/1\/16\/32_20e3.png\" alt=\"2\ufe0f\u20e3\" width=\"16\" height=\"16\" \/><\/span>\u00a0Programa Lliure Grupal: Flexibilitat amb assignatures grups.<br \/>\n<span class=\"x3nfvp2 x1j61x8r x1fcty0u xdj266r xhhsvwb xat24cr xgzva0m xxymvpz xlup9mm x1kky2od\"><img loading=\"lazy\" decoding=\"async\" class=\"xz74otr\" src=\"https:\/\/static.xx.fbcdn.net\/images\/emoji.php\/v9\/tb8\/1\/16\/33_20e3.png\" alt=\"3\ufe0f\u20e3\" width=\"16\" height=\"16\" \/><\/span>\u00a0Programa Lliure: Personalitza el teu aprenentatge sense assignatures grups.<\/p>\n<p>Visita el nostre web per a m\u00e9s informaci\u00f3:\u00a0<a class=\"x1i10hfl xjbqb8w x6umtig x1b1mbwd xaqea5y xav7gou x9f619 x1ypdohk xt0psk2 xe8uvvx xdj266r x11i5rnm xat24cr x1mh8g0r xexx8yu x4uap5 x18d9i69 xkhd6sd x16tdsg8 x1hl2dhg xggy1nq x1a2a7pz xt0b8zv x1fey0fg\" tabindex=\"0\" role=\"link\" href=\"https:\/\/l.facebook.com\/l.php?u=https%3A%2F%2Flescolademusicsijpc.wordpress.com%2Fnivells-3%2Fprogrames%2F%3Ffbclid%3DIwAR1OYXo1Kk9ORQw2RgWCly_z7JuzHMii2RWt9NuGTWFd3w8EhdxDxaeXAGg&amp;h=AT07CtPXEQ48jcIELdqzLWAQlxFjvDyb6AMK1T_mnn-wdIMkllqrGKmWVMzY3IHncmUqqrHXqLnuvyAdYpLxodWgj07BCjpPkOQ49B2hXk8aZM7DlPCldthqKnCRfdPdhy-LZkchwB9LZQAL_g&amp;__tn__=-UK*F&amp;c[0]=AT2VZMsFpRk9fpl0FuN7VP7ATsk1VvqYRK-7D5jCWcOC_mihWNSlh_LXTkWCRSP3dmu_sd6LIQY6A8Cgy9nM7Er-eByHr7BSxmiTXNCrKry4MwxKSwfRL45TLTJfpEU4UwZuW3mCB7yGa1klUcEVzpNzeuoxaavY16-ZrgtDpwHUWDnxT5rKfTsJPxRJFPREshC-u788lUZ1\" target=\"_blank\" rel=\"nofollow noopener noreferrer\">https:\/\/lescolademusicsijpc.wordpress.com\/nive&#8230;\/programes\/<\/a><\/p>\n<p><a href=\"https:\/\/agora.xtec.cat\/escolademusicsijpc\/wp-content\/uploads\/usu459\/2023\/11\/385269982_833653625215284_656756491551508105_n-1.jpg\"><img loading=\"lazy\" decoding=\"async\" class=\"aligncenter size-large wp-image-9653\" src=\"https:\/\/agora.xtec.cat\/escolademusicsijpc\/wp-content\/uploads\/usu459\/2023\/11\/385269982_833653625215284_656756491551508105_n-1-1024x683.jpg\" alt=\"\" width=\"1024\" height=\"683\" srcset=\"https:\/\/agora.xtec.cat\/escolademusicsijpc\/wp-content\/uploads\/usu459\/2023\/11\/385269982_833653625215284_656756491551508105_n-1-1024x683.jpg 1024w, https:\/\/agora.xtec.cat\/escolademusicsijpc\/wp-content\/uploads\/usu459\/2023\/11\/385269982_833653625215284_656756491551508105_n-1-300x200.jpg 300w, https:\/\/agora.xtec.cat\/escolademusicsijpc\/wp-content\/uploads\/usu459\/2023\/11\/385269982_833653625215284_656756491551508105_n-1-768x512.jpg 768w, https:\/\/agora.xtec.cat\/escolademusicsijpc\/wp-content\/uploads\/usu459\/2023\/11\/385269982_833653625215284_656756491551508105_n-1-1536x1024.jpg 1536w, https:\/\/agora.xtec.cat\/escolademusicsijpc\/wp-content\/uploads\/usu459\/2023\/11\/385269982_833653625215284_656756491551508105_n-1.jpg 2048w\" sizes=\"auto, (max-width: 1024px) 100vw, 1024px\" \/><\/a><\/p>\n","protected":false},"excerpt":{"rendered":"<p>T&#8217;apassiona la m\u00fasica? A L&#8217; Escola de M\u00fasics i JPC tenim l&#8217;opci\u00f3 perfecta per a tu!\u00a0<br \/>\n\u00a0Descobreix els nostres 3 programes d&#8217;estudi:<br \/>\n\u00a0Programa Oficial: Segueix la programaci\u00f3 aconsellada per l&#8217;escola.<br \/>\n\u00a0Programa Lliure Grupal: Flexibilitat amb assignatures grups.<br \/>\n\u00a0Programa Lliure: Personalitza el teu aprenentatge sense assignatures grups.<br \/>\nVisita el nostre web&hellip;  <a href=\"https:\/\/agora.xtec.cat\/escolademusicsijpc\/general\/programa-oficial-lliure-o-lliuregrupal\/\" title=\"Read Programa oficial, lliure o lliure+grupal\">Llegeix m\u00e9s\u00bb<\/a><\/p>\n","protected":false},"author":3,"featured_media":9653,"comment_status":"open","ping_status":"closed","sticky":false,"template":"","format":"standard","meta":{"_bbp_topic_count":0,"_bbp_reply_count":0,"_bbp_total_topic_count":0,"_bbp_total_reply_count":0,"_bbp_voice_count":0,"_bbp_anonymous_reply_count":0,"_bbp_topic_count_hidden":0,"_bbp_reply_count_hidden":0,"_bbp_forum_subforum_count":0,"footnotes":""},"categories":[1,104],"tags":[],"class_list":["post-9652","post","type-post","status-publish","format-standard","has-post-thumbnail","hentry","category-general","category-uncategorized"],"post_mailing_queue_ids":[],"_links":{"self":[{"href":"https:\/\/agora.xtec.cat\/escolademusicsijpc\/wp-json\/wp\/v2\/posts\/9652","targetHints":{"allow":["GET"]}}],"collection":[{"href":"https:\/\/agora.xtec.cat\/escolademusicsijpc\/wp-json\/wp\/v2\/posts"}],"about":[{"href":"https:\/\/agora.xtec.cat\/escolademusicsijpc\/wp-json\/wp\/v2\/types\/post"}],"author":[{"embeddable":true,"href":"https:\/\/agora.xtec.cat\/escolademusicsijpc\/wp-json\/wp\/v2\/users\/3"}],"replies":[{"embeddable":true,"href":"https:\/\/agora.xtec.cat\/escolademusicsijpc\/wp-json\/wp\/v2\/comments?post=9652"}],"version-history":[{"count":1,"href":"https:\/\/agora.xtec.cat\/escolademusicsijpc\/wp-json\/wp\/v2\/posts\/9652\/revisions"}],"predecessor-version":[{"id":9654,"href":"https:\/\/agora.xtec.cat\/escolademusicsijpc\/wp-json\/wp\/v2\/posts\/9652\/revisions\/9654"}],"wp:featuredmedia":[{"embeddable":true,"href":"https:\/\/agora.xtec.cat\/escolademusicsijpc\/wp-json\/wp\/v2\/media\/9653"}],"wp:attachment":[{"href":"https:\/\/agora.xtec.cat\/escolademusicsijpc\/wp-json\/wp\/v2\/media?parent=9652"}],"wp:term":[{"taxonomy":"category","embeddable":true,"href":"https:\/\/agora.xtec.cat\/escolademusicsijpc\/wp-json\/wp\/v2\/categories?post=9652"},{"taxonomy":"post_tag","embeddable":true,"href":"https:\/\/agora.xtec.cat\/escolademusicsijpc\/wp-json\/wp\/v2\/tags?post=9652"}],"curies":[{"name":"wp","href":"https:\/\/api.w.org\/{rel}","templated":true}]}}