{"id":962,"date":"2010-10-18T19:42:08","date_gmt":"2010-10-18T18:42:08","guid":{"rendered":"http:\/\/lescolademusicsijpc.wordpress.com\/?p=962"},"modified":"2018-10-05T16:19:40","modified_gmt":"2018-10-05T14:19:40","slug":"chamaleon-project-%c2%b7-nit-de-latin-jazz-i-descarga-cubana","status":"publish","type":"post","link":"https:\/\/agora.xtec.cat\/escolademusicsijpc\/general\/chamaleon-project-%c2%b7-nit-de-latin-jazz-i-descarga-cubana\/","title":{"rendered":"Chamaleon Project \u00b7 Nit de Latin Jazz i Descarga Cubana"},"content":{"rendered":"<p><span style=\"font-size: x-small;\">\u00a0<\/span><\/p>\n<p style=\"text-align: left;\"><img loading=\"lazy\" decoding=\"async\" class=\"alignleft size-full wp-image-966\" src=\"http:\/\/agora.xtec.cat\/escolademusicsijpc\/wp-content\/uploads\/usu459\/2010\/10\/chamaleonprojectblog.gif\" alt=\"\" width=\"159\" height=\"200\" \/><\/p>\n<ul>\n<li style=\"text-align: left;\">Primera Jam Session divendres 22 d&#8217;octubre de 21:30\u00a0a 24h.<\/li>\n<li style=\"text-align: left;\">M\u00fasics base: Vicen\u00e7 Solsona (direcci\u00f3 musical i cors), El Cusa (veu), <span style=\"font-size: x-small; color: #262626;\">\u00c0<\/span>lex Ventura (pailas), Luis Guerra (congas), Pol Ribera (piano), Isaac Coll (baix).<\/li>\n<li style=\"text-align: center;\">\n<p style=\"text-align: left;\">EL CALIU c\/ Torrent de l&#8217;Olla n\u00ba38 a Gr\u00e0cia, 08012 Barcelona.<\/p>\n<\/li>\n<li>Entrada: 5 euros amb consumici\u00f3 inclosa.<\/li>\n<\/ul>\n<p>Chamaleon Project \u00e9s un programa de jam sessions de Latin Jazz al cor del barri de Gr\u00e0cia de Barcelona.<\/p>\n<p>\u00c9s un concepte diferent de jam session on el Latin Jazz i g\u00e8neres m\u00e9s populars com la Salsa, la Descarga o el Bolero son l\u2019excusa perqu\u00e8 m\u00fasics professionals, m\u00fasics emergents, professors i estudiants, puguin compartir un mateix escenari.<\/p>\n<p>Chamaleon Project vol vincular-se i servir d\u2019aparador a la tasca que estan portant a terme algunes escoles de m\u00fasica de Barcelona formant nous talents en l\u2019\u00e0mbit de la m\u00fasica llatina.<\/p>\n<p>Amb la col\u00b7laboraci\u00f3 de: Taller de M\u00fasics, L\u2019Escola de M\u00fasics i JPC del Raval, Les Basses Centre c\u00edvic de Nou Barris, Guitar Land, Sho Bcn, Disco 100.<\/p>\n","protected":false},"excerpt":{"rendered":"<p>\u00a0<\/p>\n<ul>\n<li style=\"text-align: left;\">Primera Jam Session divendres 22 d&#8217;octubre de 21:30\u00a0a 24h.<\/li>\n<li style=\"text-align: left;\">M\u00fasics base: Vicen\u00e7 Solsona (direcci\u00f3 musical i cors), El Cusa (veu), \u00c0lex Ventura (pailas), Luis Guerra (congas), Pol Ribera (piano), Isaac Coll (baix).<\/li>\n<li style=\"text-align: center;\">\nEL CALIU c\/ Torrent de l&#8217;Olla n\u00ba38 a Gr\u00e0cia,&hellip;  <a href=\"https:\/\/agora.xtec.cat\/escolademusicsijpc\/general\/chamaleon-project-%c2%b7-nit-de-latin-jazz-i-descarga-cubana\/\" title=\"Read Chamaleon Project \u00b7 Nit de Latin Jazz i Descarga Cubana\">Llegeix m\u00e9s\u00bb<\/a><\/p>\n","protected":false},"author":1,"featured_media":966,"comment_status":"open","ping_status":"closed","sticky":false,"template":"","format":"standard","meta":{"_bbp_topic_count":0,"_bbp_reply_count":0,"_bbp_total_topic_count":0,"_bbp_total_reply_count":0,"_bbp_voice_count":0,"_bbp_anonymous_reply_count":0,"_bbp_topic_count_hidden":0,"_bbp_reply_count_hidden":0,"_bbp_forum_subforum_count":0,"footnotes":""},"categories":[62,1,104],"tags":[87],"class_list":["post-962","post","type-post","status-publish","format-standard","has-post-thumbnail","hentry","category-combos","category-general","category-uncategorized","tag-jam-session"],"post_mailing_queue_ids":[],"_links":{"self":[{"href":"https:\/\/agora.xtec.cat\/escolademusicsijpc\/wp-json\/wp\/v2\/posts\/962","targetHints":{"allow":["GET"]}}],"collection":[{"href":"https:\/\/agora.xtec.cat\/escolademusicsijpc\/wp-json\/wp\/v2\/posts"}],"about":[{"href":"https:\/\/agora.xtec.cat\/escolademusicsijpc\/wp-json\/wp\/v2\/types\/post"}],"author":[{"embeddable":true,"href":"https:\/\/agora.xtec.cat\/escolademusicsijpc\/wp-json\/wp\/v2\/users\/1"}],"replies":[{"embeddable":true,"href":"https:\/\/agora.xtec.cat\/escolademusicsijpc\/wp-json\/wp\/v2\/comments?post=962"}],"version-history":[{"count":1,"href":"https:\/\/agora.xtec.cat\/escolademusicsijpc\/wp-json\/wp\/v2\/posts\/962\/revisions"}],"predecessor-version":[{"id":5337,"href":"https:\/\/agora.xtec.cat\/escolademusicsijpc\/wp-json\/wp\/v2\/posts\/962\/revisions\/5337"}],"wp:featuredmedia":[{"embeddable":true,"href":"https:\/\/agora.xtec.cat\/escolademusicsijpc\/wp-json\/wp\/v2\/media\/966"}],"wp:attachment":[{"href":"https:\/\/agora.xtec.cat\/escolademusicsijpc\/wp-json\/wp\/v2\/media?parent=962"}],"wp:term":[{"taxonomy":"category","embeddable":true,"href":"https:\/\/agora.xtec.cat\/escolademusicsijpc\/wp-json\/wp\/v2\/categories?post=962"},{"taxonomy":"post_tag","embeddable":true,"href":"https:\/\/agora.xtec.cat\/escolademusicsijpc\/wp-json\/wp\/v2\/tags?post=962"}],"curies":[{"name":"wp","href":"https:\/\/api.w.org\/{rel}","templated":true}]}}