{"id":9605,"date":"2023-09-15T18:13:13","date_gmt":"2023-09-15T16:13:13","guid":{"rendered":"https:\/\/agora.xtec.cat\/escolademusicsijpc\/?p=9605"},"modified":"2023-11-21T18:17:22","modified_gmt":"2023-11-21T17:17:22","slug":"desperta-la-teva-passio-musical-a-lescola-de-musics-i-jpc","status":"publish","type":"post","link":"https:\/\/agora.xtec.cat\/escolademusicsijpc\/general\/desperta-la-teva-passio-musical-a-lescola-de-musics-i-jpc\/","title":{"rendered":"Desperta la teva passi\u00f3 musical a l&#8217;escola de m\u00fasics i JPC"},"content":{"rendered":"<p>La m\u00fasica \u00e9s una\u00a0<strong>forma d\u2019expressi\u00f3 universal que ens connecta amb les emocions<\/strong>\u00a0i ens permet comunicar-nos sense paraules. Si la m\u00fasica t\u2019apassiona i vols aprofundir en aquest art, l\u2019<a href=\"https:\/\/lescolademusicsijpc.wordpress.com\/\">Escola de M\u00fasics i JPC<\/a>\u00a0de Barcelona \u00e9s el lloc ideal per encendre la teva passi\u00f3 i fer que la m\u00fasica sigui una part essencial de la teva vida.<\/p>\n<p>Fundada sota la direcci\u00f3 de Jordi Farr\u00e9s Xirinacs, un apassionat de la m\u00fasica i amb un fort comprom\u00eds amb l\u2019educaci\u00f3 musical de qualitat, l\u2019Escola de M\u00fasics i JPC s\u2019ha convertit en un\u00a0<strong>centre de refer\u00e8ncia a Barcelona<\/strong>. Els seus valors d\u2019excel\u00b7l\u00e8ncia, comprom\u00eds amb la cultura musical i respecte als professors han fet que aquesta escola sigui admirada i reconeguda en la comunitat musical.<\/p>\n<h2 class=\"wp-block-heading\">Una variada oferta formativa musical<\/h2>\n<p>Un dels factors que destaca a l\u2019Escola de M\u00fasics i JPC \u00e9s la seva\u00a0<strong>\u00e0mplia varietat d\u2019instruments i estils musicals<\/strong>\u00a0per explorar. Sigui quin sigui el teu gust o inter\u00e8s, segur que trobar\u00e0s un\u00a0<a href=\"https:\/\/lescolademusicsijpc.wordpress.com\/instruments\/\">instrument<\/a>\u00a0i un estil que et convidi a experimentar i cr\u00e9ixer com a m\u00fasic. Des del piano, la guitarra, els instruments de vent fins al cant, i altres disciplines com corda i percussi\u00f3, aquesta escola ofereix un ventall de possibilitats perqu\u00e8 puguis trobar el teu propi ritme i cam\u00ed musical.<\/p>\n<p>Els professors de l\u2019Escola de M\u00fasics i JPC s\u00f3n m\u00fasics en actiu,\u00a0<strong>professionals amb una \u00e0mplia experi\u00e8ncia en el m\u00f3n de la m\u00fasica<\/strong>. Aquesta din\u00e0mica permet als estudiants aprendre de mestres amb un coneixement actualitzat i una visi\u00f3 pr\u00e0ctica de la ind\u00fastria musical. Les classes individuals en totes les \u00e0rees asseguren una atenci\u00f3 personalitzada i un acompanyament en el desenvolupament de les teves habilitats musicals.<\/p>\n<p>Per aquells que busquen un nivell professional, l\u2019Escola de M\u00fasics i JPC ofereix els\u00a0<strong>Cursos de Nivell Professional<\/strong>, que s\u00f3n un pas definitiu per a aquells que aspiren a fer de la m\u00fasica una carrera i aconseguir l\u2019excel\u00b7l\u00e8ncia en aquest \u00e0mbit. Aquests cursos inclouen una \u00e0mplia gamma d\u2019instruments i disciplines, aix\u00ed com masterclasses i tallers impartits per m\u00fasics de primera l\u00ednia, oferint una formaci\u00f3 completa i amb un alt est\u00e0ndard de qualitat.<\/p>\n<p>Aquesta escola musical \u00e9s una plataforma que impulsa els seus estudiants a complir les seves expectatives i a assolir el seu m\u00e0xim potencial. Amb m\u00e9s de\u00a0<strong>25 anys d\u2019experi\u00e8ncia en l\u2019ensenyament musical<\/strong>, l\u2019Escola de M\u00fasics i JPC proporciona instal\u00b7lacions de qualitat, un entorn propici per a l\u2019aprenentatge i professors amb una dedicaci\u00f3 excepcional.<\/p>\n<p>L\u2019Escola de M\u00fasics i JPC tamb\u00e9 t\u00e9 una branca dedicada a l\u2019<strong>ensenyament musical per a adults<\/strong>. Amb una orientaci\u00f3 personalitzada i classes fetes a mida per satisfer les necessitats de cada estudiant, ofereix una oportunitat \u00fanica perqu\u00e8 els adults puguin viure la seva passi\u00f3 per la m\u00fasica i desenvolupar les seves habilitats en el seu propi ritme.<\/p>\n<h2 class=\"wp-block-heading\">Comen\u00e7a la teva Aventura Musical<\/h2>\n<p>A m\u00e9s, l\u2019Escola de M\u00fasics \u00e9s Autoritzada pel Departament d\u2019Ensenyament, el que significa que tamb\u00e9 ofereix una\u00a0<strong>educaci\u00f3 musical reglada amb una progressi\u00f3 de nivells adequada per als estudiants<\/strong>\u00a0que desitgin seguir una formaci\u00f3 acad\u00e8mica en aquest camp.<\/p>\n<p>Si vols despertar la teva passi\u00f3 musical i desenvolupar-te com a m\u00fasic, l\u2019Escola de M\u00fasics i JPC \u00e9s el lloc ideal per aconseguir-ho. Amb una\u00a0<strong>oferta formativa completa, professors excel\u00b7lents i una dedicaci\u00f3 per l\u2019excel\u00b7l\u00e8ncia musical<\/strong>, aquesta escola de Barcelona et proporcionar\u00e0 les eines i el suport necessaris per fer realitat els teus somnis musicals. Contacta amb ells avui mateix i comen\u00e7a el teu viatge cap a una apassionant aventura musical.<\/p>\n","protected":false},"excerpt":{"rendered":"<p>La m\u00fasica \u00e9s una\u00a0forma d\u2019expressi\u00f3 universal que ens connecta amb les emocions\u00a0i ens permet comunicar-nos sense paraules. Si la m\u00fasica t\u2019apassiona i vols aprofundir en aquest art, l\u2019<a href=\"https:\/\/lescolademusicsijpc.wordpress.com\/\">Escola de M\u00fasics i JPC<\/a>\u00a0de Barcelona \u00e9s el lloc ideal per encendre la teva passi\u00f3 i fer&hellip;  <a href=\"https:\/\/agora.xtec.cat\/escolademusicsijpc\/general\/desperta-la-teva-passio-musical-a-lescola-de-musics-i-jpc\/\" title=\"Read Desperta la teva passi\u00f3 musical a l&#8217;escola de m\u00fasics i JPC\">Llegeix m\u00e9s\u00bb<\/a><\/p>\n","protected":false},"author":3,"featured_media":9606,"comment_status":"open","ping_status":"closed","sticky":false,"template":"","format":"standard","meta":{"_bbp_topic_count":0,"_bbp_reply_count":0,"_bbp_total_topic_count":0,"_bbp_total_reply_count":0,"_bbp_voice_count":0,"_bbp_anonymous_reply_count":0,"_bbp_topic_count_hidden":0,"_bbp_reply_count_hidden":0,"_bbp_forum_subforum_count":0,"footnotes":""},"categories":[1,104],"tags":[],"class_list":["post-9605","post","type-post","status-publish","format-standard","has-post-thumbnail","hentry","category-general","category-uncategorized"],"post_mailing_queue_ids":[],"_links":{"self":[{"href":"https:\/\/agora.xtec.cat\/escolademusicsijpc\/wp-json\/wp\/v2\/posts\/9605","targetHints":{"allow":["GET"]}}],"collection":[{"href":"https:\/\/agora.xtec.cat\/escolademusicsijpc\/wp-json\/wp\/v2\/posts"}],"about":[{"href":"https:\/\/agora.xtec.cat\/escolademusicsijpc\/wp-json\/wp\/v2\/types\/post"}],"author":[{"embeddable":true,"href":"https:\/\/agora.xtec.cat\/escolademusicsijpc\/wp-json\/wp\/v2\/users\/3"}],"replies":[{"embeddable":true,"href":"https:\/\/agora.xtec.cat\/escolademusicsijpc\/wp-json\/wp\/v2\/comments?post=9605"}],"version-history":[{"count":2,"href":"https:\/\/agora.xtec.cat\/escolademusicsijpc\/wp-json\/wp\/v2\/posts\/9605\/revisions"}],"predecessor-version":[{"id":9608,"href":"https:\/\/agora.xtec.cat\/escolademusicsijpc\/wp-json\/wp\/v2\/posts\/9605\/revisions\/9608"}],"wp:featuredmedia":[{"embeddable":true,"href":"https:\/\/agora.xtec.cat\/escolademusicsijpc\/wp-json\/wp\/v2\/media\/9606"}],"wp:attachment":[{"href":"https:\/\/agora.xtec.cat\/escolademusicsijpc\/wp-json\/wp\/v2\/media?parent=9605"}],"wp:term":[{"taxonomy":"category","embeddable":true,"href":"https:\/\/agora.xtec.cat\/escolademusicsijpc\/wp-json\/wp\/v2\/categories?post=9605"},{"taxonomy":"post_tag","embeddable":true,"href":"https:\/\/agora.xtec.cat\/escolademusicsijpc\/wp-json\/wp\/v2\/tags?post=9605"}],"curies":[{"name":"wp","href":"https:\/\/api.w.org\/{rel}","templated":true}]}}