{"id":9593,"date":"2023-09-07T18:36:20","date_gmt":"2023-09-07T16:36:20","guid":{"rendered":"https:\/\/agora.xtec.cat\/escolademusicsijpc\/?p=9593"},"modified":"2023-11-22T18:10:26","modified_gmt":"2023-11-22T17:10:26","slug":"sense-limits","status":"publish","type":"post","link":"https:\/\/agora.xtec.cat\/escolademusicsijpc\/general\/sense-limits\/","title":{"rendered":"Sense l\u00edmits"},"content":{"rendered":"<p>A l&#8217;Escola de M\u00fasica i JPC creiem que la m\u00fasica no t\u00e9 l\u00edmits d&#8217;edat ni nivell. Tots poden aprendre a gaudir-ne!\u00a0<span class=\"x3nfvp2 x1j61x8r x1fcty0u xdj266r xhhsvwb xat24cr xgzva0m xxymvpz xlup9mm x1kky2od\"><img loading=\"lazy\" decoding=\"async\" class=\"xz74otr\" src=\"https:\/\/static.xx.fbcdn.net\/images\/emoji.php\/v9\/t1f\/1\/16\/1f3b6.png\" alt=\"\ud83c\udfb6\" width=\"16\" height=\"16\" \/><\/span><span class=\"x3nfvp2 x1j61x8r x1fcty0u xdj266r xhhsvwb xat24cr xgzva0m xxymvpz xlup9mm x1kky2od\"><img loading=\"lazy\" decoding=\"async\" class=\"xz74otr\" src=\"https:\/\/static.xx.fbcdn.net\/images\/emoji.php\/v9\/ted\/1\/16\/1f4ab.png\" alt=\"\ud83d\udcab\" width=\"16\" height=\"16\" \/><\/span><\/p>\n<p>Els nostres professionals estan preparats per guiar-te en aquest viatge musical sense importar la teva experi\u00e8ncia pr\u00e8via. Anem a crear m\u00fasica junts!<\/p>\n<p><a href=\"https:\/\/agora.xtec.cat\/escolademusicsijpc\/wp-content\/uploads\/usu459\/2023\/11\/374516473_819293683317945_7508465373001184332_n.jpg\"><img loading=\"lazy\" decoding=\"async\" class=\"aligncenter size-large wp-image-9594\" src=\"https:\/\/agora.xtec.cat\/escolademusicsijpc\/wp-content\/uploads\/usu459\/2023\/11\/374516473_819293683317945_7508465373001184332_n-1024x683.jpg\" alt=\"\" width=\"1024\" height=\"683\" srcset=\"https:\/\/agora.xtec.cat\/escolademusicsijpc\/wp-content\/uploads\/usu459\/2023\/11\/374516473_819293683317945_7508465373001184332_n-1024x683.jpg 1024w, https:\/\/agora.xtec.cat\/escolademusicsijpc\/wp-content\/uploads\/usu459\/2023\/11\/374516473_819293683317945_7508465373001184332_n-300x200.jpg 300w, https:\/\/agora.xtec.cat\/escolademusicsijpc\/wp-content\/uploads\/usu459\/2023\/11\/374516473_819293683317945_7508465373001184332_n-768x512.jpg 768w, https:\/\/agora.xtec.cat\/escolademusicsijpc\/wp-content\/uploads\/usu459\/2023\/11\/374516473_819293683317945_7508465373001184332_n-1536x1024.jpg 1536w, https:\/\/agora.xtec.cat\/escolademusicsijpc\/wp-content\/uploads\/usu459\/2023\/11\/374516473_819293683317945_7508465373001184332_n.jpg 2048w\" sizes=\"auto, (max-width: 1024px) 100vw, 1024px\" \/><\/a><\/p>\n","protected":false},"excerpt":{"rendered":"<p>A l&#8217;Escola de M\u00fasica i JPC creiem que la m\u00fasica no t\u00e9 l\u00edmits d&#8217;edat ni nivell. Tots poden aprendre a gaudir-ne!\u00a0<br \/>\nEls nostres professionals estan preparats per guiar-te en aquest viatge musical sense importar la teva experi\u00e8ncia pr\u00e8via. Anem a crear m\u00fasica junts!<br \/>\n<a href=\"https:\/\/agora.xtec.cat\/escolademusicsijpc\/wp-content\/uploads\/usu459\/2023\/11\/374516473_819293683317945_7508465373001184332_n.jpg\"><\/a><\/p>\n","protected":false},"author":3,"featured_media":9594,"comment_status":"open","ping_status":"closed","sticky":false,"template":"","format":"standard","meta":{"_bbp_topic_count":0,"_bbp_reply_count":0,"_bbp_total_topic_count":0,"_bbp_total_reply_count":0,"_bbp_voice_count":0,"_bbp_anonymous_reply_count":0,"_bbp_topic_count_hidden":0,"_bbp_reply_count_hidden":0,"_bbp_forum_subforum_count":0,"footnotes":""},"categories":[1,104],"tags":[],"class_list":["post-9593","post","type-post","status-publish","format-standard","has-post-thumbnail","hentry","category-general","category-uncategorized"],"post_mailing_queue_ids":[],"_links":{"self":[{"href":"https:\/\/agora.xtec.cat\/escolademusicsijpc\/wp-json\/wp\/v2\/posts\/9593","targetHints":{"allow":["GET"]}}],"collection":[{"href":"https:\/\/agora.xtec.cat\/escolademusicsijpc\/wp-json\/wp\/v2\/posts"}],"about":[{"href":"https:\/\/agora.xtec.cat\/escolademusicsijpc\/wp-json\/wp\/v2\/types\/post"}],"author":[{"embeddable":true,"href":"https:\/\/agora.xtec.cat\/escolademusicsijpc\/wp-json\/wp\/v2\/users\/3"}],"replies":[{"embeddable":true,"href":"https:\/\/agora.xtec.cat\/escolademusicsijpc\/wp-json\/wp\/v2\/comments?post=9593"}],"version-history":[{"count":2,"href":"https:\/\/agora.xtec.cat\/escolademusicsijpc\/wp-json\/wp\/v2\/posts\/9593\/revisions"}],"predecessor-version":[{"id":9634,"href":"https:\/\/agora.xtec.cat\/escolademusicsijpc\/wp-json\/wp\/v2\/posts\/9593\/revisions\/9634"}],"wp:featuredmedia":[{"embeddable":true,"href":"https:\/\/agora.xtec.cat\/escolademusicsijpc\/wp-json\/wp\/v2\/media\/9594"}],"wp:attachment":[{"href":"https:\/\/agora.xtec.cat\/escolademusicsijpc\/wp-json\/wp\/v2\/media?parent=9593"}],"wp:term":[{"taxonomy":"category","embeddable":true,"href":"https:\/\/agora.xtec.cat\/escolademusicsijpc\/wp-json\/wp\/v2\/categories?post=9593"},{"taxonomy":"post_tag","embeddable":true,"href":"https:\/\/agora.xtec.cat\/escolademusicsijpc\/wp-json\/wp\/v2\/tags?post=9593"}],"curies":[{"name":"wp","href":"https:\/\/api.w.org\/{rel}","templated":true}]}}