{"id":9590,"date":"2023-09-05T18:30:11","date_gmt":"2023-09-05T16:30:11","guid":{"rendered":"https:\/\/agora.xtec.cat\/escolademusicsijpc\/?p=9590"},"modified":"2023-11-22T18:10:44","modified_gmt":"2023-11-22T17:10:44","slug":"comunitat-musical","status":"publish","type":"post","link":"https:\/\/agora.xtec.cat\/escolademusicsijpc\/general\/comunitat-musical\/","title":{"rendered":"Comunitat Musical"},"content":{"rendered":"<p>La m\u00fasica ressona al setembre a l&#8217;Escola de M\u00fasics i JPC!\u00a0<span class=\"x3nfvp2 x1j61x8r x1fcty0u xdj266r xhhsvwb xat24cr xgzva0m xxymvpz xlup9mm x1kky2od\"><img loading=\"lazy\" decoding=\"async\" class=\"xz74otr\" src=\"https:\/\/static.xx.fbcdn.net\/images\/emoji.php\/v9\/t1f\/1\/16\/1f3b6.png\" alt=\"\ud83c\udfb6\" width=\"16\" height=\"16\" \/><\/span>\u00a0Les nostres portes estan obertes per a tu, vine i submergeix-te en el meravell\u00f3s m\u00f3n de la m\u00fasica. Descobreix noves melodies, fes amics i forma part de la nostra comunitat musical.<\/p>\n<p>Inscripcions obertes pel curs 2023-24! Apunta&#8217;t aqu\u00ed:\u00a0<a class=\"x1i10hfl xjbqb8w x6umtig x1b1mbwd xaqea5y xav7gou x9f619 x1ypdohk xt0psk2 xe8uvvx xdj266r x11i5rnm xat24cr x1mh8g0r xexx8yu x4uap5 x18d9i69 xkhd6sd x16tdsg8 x1hl2dhg xggy1nq x1a2a7pz xt0b8zv x1fey0fg\" tabindex=\"0\" role=\"link\" href=\"https:\/\/escolademusicsijpc.gwido.cat\/inscripcio_ciutadana\/public\/periodes_oberts?fbclid=IwAR3o9uINCzR9Ot8rkXRi5rqALjw2GRLYoYpeujClSb0BjZR0POpRBD5-HvA\" target=\"_blank\" rel=\"nofollow noopener noreferrer\">https:\/\/escolademusicsijpc.gwido.cat\/&#8230;\/periodes_oberts<\/a><\/p>\n<p><a href=\"https:\/\/agora.xtec.cat\/escolademusicsijpc\/wp-content\/uploads\/usu459\/2023\/11\/374643454_819292259984754_8262213160665686093_n.jpg\"><img loading=\"lazy\" decoding=\"async\" class=\"aligncenter size-large wp-image-9591\" src=\"https:\/\/agora.xtec.cat\/escolademusicsijpc\/wp-content\/uploads\/usu459\/2023\/11\/374643454_819292259984754_8262213160665686093_n-1024x682.jpg\" alt=\"\" width=\"1024\" height=\"682\" srcset=\"https:\/\/agora.xtec.cat\/escolademusicsijpc\/wp-content\/uploads\/usu459\/2023\/11\/374643454_819292259984754_8262213160665686093_n-1024x682.jpg 1024w, https:\/\/agora.xtec.cat\/escolademusicsijpc\/wp-content\/uploads\/usu459\/2023\/11\/374643454_819292259984754_8262213160665686093_n-300x200.jpg 300w, https:\/\/agora.xtec.cat\/escolademusicsijpc\/wp-content\/uploads\/usu459\/2023\/11\/374643454_819292259984754_8262213160665686093_n-768x511.jpg 768w, https:\/\/agora.xtec.cat\/escolademusicsijpc\/wp-content\/uploads\/usu459\/2023\/11\/374643454_819292259984754_8262213160665686093_n-1536x1022.jpg 1536w, https:\/\/agora.xtec.cat\/escolademusicsijpc\/wp-content\/uploads\/usu459\/2023\/11\/374643454_819292259984754_8262213160665686093_n.jpg 2048w\" sizes=\"auto, (max-width: 1024px) 100vw, 1024px\" \/><\/a><\/p>\n","protected":false},"excerpt":{"rendered":"<p>La m\u00fasica ressona al setembre a l&#8217;Escola de M\u00fasics i JPC!\u00a0\u00a0Les nostres portes estan obertes per a tu, vine i submergeix-te en el meravell\u00f3s m\u00f3n de la m\u00fasica. Descobreix noves melodies, fes amics i forma part de la nostra comunitat musical.<br \/>\nInscripcions obertes pel curs 2023-24!&hellip;  <a href=\"https:\/\/agora.xtec.cat\/escolademusicsijpc\/general\/comunitat-musical\/\" title=\"Read Comunitat Musical\">Llegeix m\u00e9s\u00bb<\/a><\/p>\n","protected":false},"author":3,"featured_media":9591,"comment_status":"open","ping_status":"closed","sticky":false,"template":"","format":"standard","meta":{"_bbp_topic_count":0,"_bbp_reply_count":0,"_bbp_total_topic_count":0,"_bbp_total_reply_count":0,"_bbp_voice_count":0,"_bbp_anonymous_reply_count":0,"_bbp_topic_count_hidden":0,"_bbp_reply_count_hidden":0,"_bbp_forum_subforum_count":0,"footnotes":""},"categories":[1,104],"tags":[],"class_list":["post-9590","post","type-post","status-publish","format-standard","has-post-thumbnail","hentry","category-general","category-uncategorized"],"post_mailing_queue_ids":[],"_links":{"self":[{"href":"https:\/\/agora.xtec.cat\/escolademusicsijpc\/wp-json\/wp\/v2\/posts\/9590","targetHints":{"allow":["GET"]}}],"collection":[{"href":"https:\/\/agora.xtec.cat\/escolademusicsijpc\/wp-json\/wp\/v2\/posts"}],"about":[{"href":"https:\/\/agora.xtec.cat\/escolademusicsijpc\/wp-json\/wp\/v2\/types\/post"}],"author":[{"embeddable":true,"href":"https:\/\/agora.xtec.cat\/escolademusicsijpc\/wp-json\/wp\/v2\/users\/3"}],"replies":[{"embeddable":true,"href":"https:\/\/agora.xtec.cat\/escolademusicsijpc\/wp-json\/wp\/v2\/comments?post=9590"}],"version-history":[{"count":2,"href":"https:\/\/agora.xtec.cat\/escolademusicsijpc\/wp-json\/wp\/v2\/posts\/9590\/revisions"}],"predecessor-version":[{"id":9635,"href":"https:\/\/agora.xtec.cat\/escolademusicsijpc\/wp-json\/wp\/v2\/posts\/9590\/revisions\/9635"}],"wp:featuredmedia":[{"embeddable":true,"href":"https:\/\/agora.xtec.cat\/escolademusicsijpc\/wp-json\/wp\/v2\/media\/9591"}],"wp:attachment":[{"href":"https:\/\/agora.xtec.cat\/escolademusicsijpc\/wp-json\/wp\/v2\/media?parent=9590"}],"wp:term":[{"taxonomy":"category","embeddable":true,"href":"https:\/\/agora.xtec.cat\/escolademusicsijpc\/wp-json\/wp\/v2\/categories?post=9590"},{"taxonomy":"post_tag","embeddable":true,"href":"https:\/\/agora.xtec.cat\/escolademusicsijpc\/wp-json\/wp\/v2\/tags?post=9590"}],"curies":[{"name":"wp","href":"https:\/\/api.w.org\/{rel}","templated":true}]}}