{"id":9522,"date":"2023-05-18T13:13:37","date_gmt":"2023-05-18T11:13:37","guid":{"rendered":"https:\/\/agora.xtec.cat\/escolademusicsijpc\/?p=9522"},"modified":"2023-05-18T13:13:37","modified_gmt":"2023-05-18T11:13:37","slug":"la-musica-experiencia-emocional","status":"publish","type":"post","link":"https:\/\/agora.xtec.cat\/escolademusicsijpc\/general\/la-musica-experiencia-emocional\/","title":{"rendered":"La m\u00fasica, experi\u00e8ncia emocional"},"content":{"rendered":"<img loading=\"lazy\" decoding=\"async\" src=\"https:\/\/static.xx.fbcdn.net\/images\/emoji.php\/v9\/t1f\/1\/16\/1f3b6.png\" alt=\"\ud83c\udfb6\" width=\"16\" height=\"16\" \/> La m\u00fasica t\u00e9 la capacitat de connectar i enriquir les persones <img loading=\"lazy\" decoding=\"async\" src=\"https:\/\/static.xx.fbcdn.net\/images\/emoji.php\/v9\/t8b\/1\/16\/1f465.png\" alt=\"\ud83d\udc65\" width=\"16\" height=\"16\" \/>.\r\n\r\n<!-- \/wp:paragraph --> <!-- wp:paragraph -->\r\n\r\nCada dia treballem per oferir als nostres alumnes no nom\u00e9s una formaci\u00f3 musical excel\u00b7lent, sin\u00f3 tamb\u00e9 una experi\u00e8ncia enriquidora a nivell personal i emocional. <img loading=\"lazy\" decoding=\"async\" src=\"https:\/\/static.xx.fbcdn.net\/images\/emoji.php\/v9\/tcc\/1\/16\/1f3bc.png\" alt=\"\ud83c\udfbc\" width=\"16\" height=\"16\" \/><img loading=\"lazy\" decoding=\"async\" src=\"https:\/\/static.xx.fbcdn.net\/images\/emoji.php\/v9\/t68\/1\/16\/1f495.png\" alt=\"\ud83d\udc95\" width=\"16\" height=\"16\" \/>.\r\n\r\n<!-- \/wp:paragraph --> <!-- wp:paragraph -->\r\n\r\n<a href=\"https:\/\/lescolademusicsijpc.wordpress.com\/\">https:\/\/lescolademusicsijpc.wordpress.com\/<\/a>\r\n\r\n<a href=\"https:\/\/agora.xtec.cat\/escolademusicsijpc\/wp-content\/uploads\/usu459\/2023\/05\/346315646_747332033839570_3450747740313806118_n.jpg\"><img loading=\"lazy\" decoding=\"async\" class=\"aligncenter size-large wp-image-9523\" src=\"https:\/\/agora.xtec.cat\/escolademusicsijpc\/wp-content\/uploads\/usu459\/2023\/05\/346315646_747332033839570_3450747740313806118_n-1024x858.jpg\" alt=\"\" width=\"1024\" height=\"858\" srcset=\"https:\/\/agora.xtec.cat\/escolademusicsijpc\/wp-content\/uploads\/usu459\/2023\/05\/346315646_747332033839570_3450747740313806118_n-1024x858.jpg 1024w, https:\/\/agora.xtec.cat\/escolademusicsijpc\/wp-content\/uploads\/usu459\/2023\/05\/346315646_747332033839570_3450747740313806118_n-300x250.jpg 300w, https:\/\/agora.xtec.cat\/escolademusicsijpc\/wp-content\/uploads\/usu459\/2023\/05\/346315646_747332033839570_3450747740313806118_n-768x644.jpg 768w, https:\/\/agora.xtec.cat\/escolademusicsijpc\/wp-content\/uploads\/usu459\/2023\/05\/346315646_747332033839570_3450747740313806118_n-1536x1287.jpg 1536w, https:\/\/agora.xtec.cat\/escolademusicsijpc\/wp-content\/uploads\/usu459\/2023\/05\/346315646_747332033839570_3450747740313806118_n.jpg 2048w\" sizes=\"auto, (max-width: 1024px) 100vw, 1024px\" \/><\/a>\r\n\r\n<!-- \/wp:paragraph -->","protected":false},"excerpt":{"rendered":"<p> La m\u00fasica t\u00e9 la capacitat de connectar i enriquir les persones .<\/p>\n<p>Cada dia treballem per oferir als nostres alumnes no nom\u00e9s una formaci\u00f3 musical excel\u00b7lent, sin\u00f3 tamb\u00e9 una experi\u00e8ncia enriquidora a nivell personal i emocional. .<\/p>\n<p><a href=\"https:\/\/lescolademusicsijpc.wordpress.com\/\">https:\/\/lescolademusicsijpc.wordpress.com\/<\/a><\/p>\n<p><a href=\"https:\/\/agora.xtec.cat\/escolademusicsijpc\/wp-content\/uploads\/usu459\/2023\/05\/346315646_747332033839570_3450747740313806118_n.jpg\"><\/a><\/p>\n","protected":false},"author":3,"featured_media":9523,"comment_status":"open","ping_status":"closed","sticky":false,"template":"","format":"standard","meta":{"_bbp_topic_count":0,"_bbp_reply_count":0,"_bbp_total_topic_count":0,"_bbp_total_reply_count":0,"_bbp_voice_count":0,"_bbp_anonymous_reply_count":0,"_bbp_topic_count_hidden":0,"_bbp_reply_count_hidden":0,"_bbp_forum_subforum_count":0,"footnotes":""},"categories":[1,104],"tags":[],"class_list":["post-9522","post","type-post","status-publish","format-standard","has-post-thumbnail","hentry","category-general","category-uncategorized"],"post_mailing_queue_ids":[],"_links":{"self":[{"href":"https:\/\/agora.xtec.cat\/escolademusicsijpc\/wp-json\/wp\/v2\/posts\/9522","targetHints":{"allow":["GET"]}}],"collection":[{"href":"https:\/\/agora.xtec.cat\/escolademusicsijpc\/wp-json\/wp\/v2\/posts"}],"about":[{"href":"https:\/\/agora.xtec.cat\/escolademusicsijpc\/wp-json\/wp\/v2\/types\/post"}],"author":[{"embeddable":true,"href":"https:\/\/agora.xtec.cat\/escolademusicsijpc\/wp-json\/wp\/v2\/users\/3"}],"replies":[{"embeddable":true,"href":"https:\/\/agora.xtec.cat\/escolademusicsijpc\/wp-json\/wp\/v2\/comments?post=9522"}],"version-history":[{"count":1,"href":"https:\/\/agora.xtec.cat\/escolademusicsijpc\/wp-json\/wp\/v2\/posts\/9522\/revisions"}],"predecessor-version":[{"id":9524,"href":"https:\/\/agora.xtec.cat\/escolademusicsijpc\/wp-json\/wp\/v2\/posts\/9522\/revisions\/9524"}],"wp:featuredmedia":[{"embeddable":true,"href":"https:\/\/agora.xtec.cat\/escolademusicsijpc\/wp-json\/wp\/v2\/media\/9523"}],"wp:attachment":[{"href":"https:\/\/agora.xtec.cat\/escolademusicsijpc\/wp-json\/wp\/v2\/media?parent=9522"}],"wp:term":[{"taxonomy":"category","embeddable":true,"href":"https:\/\/agora.xtec.cat\/escolademusicsijpc\/wp-json\/wp\/v2\/categories?post=9522"},{"taxonomy":"post_tag","embeddable":true,"href":"https:\/\/agora.xtec.cat\/escolademusicsijpc\/wp-json\/wp\/v2\/tags?post=9522"}],"curies":[{"name":"wp","href":"https:\/\/api.w.org\/{rel}","templated":true}]}}