{"id":951,"date":"2010-10-16T17:53:03","date_gmt":"2010-10-16T16:53:03","guid":{"rendered":"http:\/\/lescolademusicsijpc.wordpress.com\/?p=951"},"modified":"2016-01-29T19:45:35","modified_gmt":"2016-01-29T18:45:35","slug":"concert-celeste-alias-i-marco-mezquida","status":"publish","type":"post","link":"https:\/\/agora.xtec.cat\/escolademusicsijpc\/general\/concert-celeste-alias-i-marco-mezquida\/","title":{"rendered":"Concert Celeste Al\u00edas i Marco Mezquida"},"content":{"rendered":"<p style=\"text-align: center;\"><img loading=\"lazy\" decoding=\"async\" class=\"size-full wp-image-952 aligncenter\" title=\"marco celeste d\u00fao\" src=\"http:\/\/agora.xtec.cat\/escolademusicsijpc\/wp-content\/uploads\/usu459\/2010\/10\/marco-celeste.gif\" alt=\"\" width=\"300\" height=\"185\" \/><\/p>\n<p>&nbsp;<\/p>\n<ul>\n<li><span style=\"font-size: x-small; color: #333333; font-family: Verdana;\">Des que es van trobar al departament de jazz de l\u2019Esmuc, al 2005, la cantant Celeste Al\u00edas i el pianista Marco Mezquida exploren a duo i sense prejudicis una personal i atrevida visi\u00f3 musical que beu de diferents influ\u00e8ncies de la m\u00fasica cl\u00e0ssica i de la m\u00fasica popular.\u00a0 <\/span><\/li>\n<li><span style=\"font-size: x-small; color: #333333; font-family: Verdana;\">La seva \u00e0mplia visi\u00f3 i inter\u00e8s per diversos estils i lleng\u00fces, fa que el seu repertori sigui ecl\u00e8ctic i que begui de diferents cultures musicals.\u00a0 El resultat final \u00e9s una combinaci\u00f3 d\u2019un Jazz c\u00e0lid amb aromes de bolero, gust a swing, textura de m\u00fasica cl\u00e0ssica i amb unes esp\u00e8cies del Brasil. \u00a0\u00a0\u00a0\u00a0 <\/span><\/li>\n<li><span style=\"font-size: x-small; color: #333333; font-family: Verdana;\">Dissabte 16 d&#8217;octubre a les 18h. Activitat gratu\u00efta.<\/span><\/li>\n<li><span style=\"font-size: x-small; color: #333333; font-family: Verdana;\">Centre C\u00edvic Can Castell\u00f3. C\/Castell\u00f3, 1-7\u00a0 Barcelona-08021<\/span><\/li>\n<\/ul>\n<p><span style=\"font-size: x-small; color: #333333; font-family: Verdana;\">Programa:<\/span><\/p>\n<p><span style=\"font-size: x-small; font-family: Verdana;\">Stardust\u2026\u2026\u2026\u2026\u2026\u2026\u2026\u2026\u2026\u2026\u2026\u2026\u2026\u2026\u2026\u2026\u2026\u2026\u2026\u2026\u2026\u2026\u2026\u2026\u2026\u2026\u2026\u2026..Hoagy Carmichael<\/span><\/p>\n<p><span style=\"font-size: x-small; font-family: Verdana;\">Two lonely people\u2026\u2026\u2026\u2026\u2026\u2026\u2026\u2026\u2026\u2026\u2026\u2026\u2026\u2026\u2026\u2026\u2026\u2026\u2026\u2026\u2026\u2026Bill Evans<\/span><\/p>\n<p><span style=\"font-size: x-small; font-family: Verdana;\">Imagination\u2026\u2026\u2026\u2026\u2026\u2026\u2026\u2026\u2026\u2026\u2026\u2026\u2026\u2026\u2026\u2026\u2026\u2026\u2026\u2026\u2026\u2026\u2026\u2026\u2026\u2026.Van Heusen\/burke<\/span><\/p>\n<p><span style=\"font-size: x-small; font-family: Verdana;\">Retrato en branco e preto\u2026\u2026\u2026\u2026\u2026\u2026\u2026\u2026\u2026\u2026\u2026\u2026\u2026\u2026\u2026\u2026\u2026A. C. Jobim\u00a0<\/span><\/p>\n<p><span style=\"font-size: x-small; font-family: Verdana;\">Casa Pre-fabricada\u2026\u2026\u2026\u2026\u2026\u2026\u2026\u2026\u2026\u2026\u2026\u2026\u2026\u2026\u2026\u2026\u2026\u2026\u2026\u2026\u2026\u2026Marcelo Camelo<\/span><\/p>\n<p><span style=\"font-size: x-small; font-family: Verdana;\">Coplas al Agua\u2026\u2026\u2026\u2026\u2026\u2026\u2026\u2026\u2026\u2026\u2026\u2026\u2026\u2026\u2026\u2026\u2026\u2026\u2026\u2026\u2026\u2026\u2026\u2026\u2026Juan Quintero<\/span><\/p>\n<p><span style=\"font-size: x-small; font-family: Verdana;\">A Pique\u2026\u2026\u2026\u2026\u2026\u2026\u2026\u2026\u2026\u2026\u2026\u2026\u2026\u2026\u2026\u2026\u2026\u2026\u2026\u2026\u2026\u2026\u2026\u2026\u2026\u2026\u2026\u2026\u2026\u2026Juan Quintero<\/span><\/p>\n<p><span style=\"font-family: Verdana;\"><span style=\"font-size: x-small;\">Canci\u00f3n de Cuna para dormir a un negrito\u2026\u2026\u2026\u2026\u2026\u2026<\/span><span style=\"font-size: x-small;\">Xavier\u00a0Montsalvatge<\/span><\/span><\/p>\n<p><span style=\"font-size: x-small; font-family: Verdana;\">Left alone\u2026\u2026\u2026\u2026\u2026\u2026\u2026\u2026\u2026\u2026\u2026\u2026\u2026\u2026\u2026\u2026\u2026\u2026\u2026\u2026\u2026\u2026\u2026\u2026\u2026\u2026\u2026\u2026Mal Waldron\/ Billie Holiday<\/span><\/p>\n<p><span style=\"font-size: x-small; font-family: Verdana;\">All of me\u2026\u2026\u2026\u2026\u2026\u2026\u2026\u2026\u2026\u2026\u2026\u2026\u2026\u2026\u2026\u2026\u2026\u2026\u2026\u2026\u2026\u2026\u2026\u2026\u2026\u2026\u2026\u2026\u2026Seymour Simons<\/span><\/p>\n<p><span style=\"font-size: x-small; font-family: Verdana;\">It&#8217;s all right with me\u2026\u2026\u2026\u2026\u2026\u2026\u2026\u2026\u2026\u2026\u2026\u2026\u2026\u2026\u2026\u2026\u2026\u2026\u2026\u2026\u2026Cole Porter<\/span><\/p>\n","protected":false},"excerpt":{"rendered":"<p>&nbsp;<\/p>\n<ul>\n<li>Des que es van trobar al departament de jazz de l\u2019Esmuc, al 2005, la cantant Celeste Al\u00edas i el pianista Marco Mezquida exploren a duo i sense prejudicis una personal i atrevida visi\u00f3 musical que beu de diferents influ\u00e8ncies de la m\u00fasica cl\u00e0ssica i de&hellip;  <a href=\"https:\/\/agora.xtec.cat\/escolademusicsijpc\/general\/concert-celeste-alias-i-marco-mezquida\/\" title=\"Read Concert Celeste Al\u00edas i Marco Mezquida\">Llegeix m\u00e9s\u00bb<\/a><br \/>\n","protected":false},"author":1,"featured_media":952,"comment_status":"open","ping_status":"open","sticky":false,"template":"","format":"standard","meta":{"_bbp_topic_count":0,"_bbp_reply_count":0,"_bbp_total_topic_count":0,"_bbp_total_reply_count":0,"_bbp_voice_count":0,"_bbp_anonymous_reply_count":0,"_bbp_topic_count_hidden":0,"_bbp_reply_count_hidden":0,"_bbp_forum_subforum_count":0,"footnotes":""},"categories":[1],"tags":[81],"class_list":["post-951","post","type-post","status-publish","format-standard","has-post-thumbnail","hentry","category-general","tag-concert"],"post_mailing_queue_ids":[],"_links":{"self":[{"href":"https:\/\/agora.xtec.cat\/escolademusicsijpc\/wp-json\/wp\/v2\/posts\/951","targetHints":{"allow":["GET"]}}],"collection":[{"href":"https:\/\/agora.xtec.cat\/escolademusicsijpc\/wp-json\/wp\/v2\/posts"}],"about":[{"href":"https:\/\/agora.xtec.cat\/escolademusicsijpc\/wp-json\/wp\/v2\/types\/post"}],"author":[{"embeddable":true,"href":"https:\/\/agora.xtec.cat\/escolademusicsijpc\/wp-json\/wp\/v2\/users\/1"}],"replies":[{"embeddable":true,"href":"https:\/\/agora.xtec.cat\/escolademusicsijpc\/wp-json\/wp\/v2\/comments?post=951"}],"version-history":[{"count":2,"href":"https:\/\/agora.xtec.cat\/escolademusicsijpc\/wp-json\/wp\/v2\/posts\/951\/revisions"}],"predecessor-version":[{"id":4953,"href":"https:\/\/agora.xtec.cat\/escolademusicsijpc\/wp-json\/wp\/v2\/posts\/951\/revisions\/4953"}],"wp:featuredmedia":[{"embeddable":true,"href":"https:\/\/agora.xtec.cat\/escolademusicsijpc\/wp-json\/wp\/v2\/media\/952"}],"wp:attachment":[{"href":"https:\/\/agora.xtec.cat\/escolademusicsijpc\/wp-json\/wp\/v2\/media?parent=951"}],"wp:term":[{"taxonomy":"category","embeddable":true,"href":"https:\/\/agora.xtec.cat\/escolademusicsijpc\/wp-json\/wp\/v2\/categories?post=951"},{"taxonomy":"post_tag","embeddable":true,"href":"https:\/\/agora.xtec.cat\/escolademusicsijpc\/wp-json\/wp\/v2\/tags?post=951"}],"curies":[{"name":"wp","href":"https:\/\/api.w.org\/{rel}","templated":true}]}}