{"id":9468,"date":"2023-03-07T17:09:36","date_gmt":"2023-03-07T16:09:36","guid":{"rendered":"https:\/\/agora.xtec.cat\/escolademusicsijpc\/?p=9468"},"modified":"2023-03-07T17:09:36","modified_gmt":"2023-03-07T16:09:36","slug":"compatim-la-musica","status":"publish","type":"post","link":"https:\/\/agora.xtec.cat\/escolademusicsijpc\/general\/compatim-la-musica\/","title":{"rendered":"Compatim la m\u00fasica!"},"content":{"rendered":"\r\n\r\n<img loading=\"lazy\" decoding=\"async\" src=\"https:\/\/static.xx.fbcdn.net\/images\/emoji.php\/v9\/t1f\/1\/16\/1f3b6.png\" alt=\"\ud83c\udfb6\" width=\"16\" height=\"16\" \/>La m\u00fasica no \u00e9s cosa d&#8217;un!\r\n\r\n \r\n\r\nPer aix\u00f2 la metodologia de l&#8217;escola se centra en la implicaci\u00f3 de les fam\u00edlies <img loading=\"lazy\" decoding=\"async\" src=\"https:\/\/static.xx.fbcdn.net\/images\/emoji.php\/v9\/tbb\/1\/16\/1f469_200d_1f469_200d_1f467_200d_1f467.png\" alt=\"\ud83d\udc69\u200d\ud83d\udc69\u200d\ud83d\udc67\u200d\ud83d\udc67\" width=\"16\" height=\"16\" \/> en l\u2019educaci\u00f3 musical dels fills.\r\n\r\n \r\n\r\nLa m\u00fasica \u00e9s per compartir-la <img loading=\"lazy\" decoding=\"async\" src=\"https:\/\/static.xx.fbcdn.net\/images\/emoji.php\/v9\/t6c\/1\/16\/2764.png\" alt=\"\u2764\ufe0f\" width=\"16\" height=\"16\" \/>.\r\n\r\n \r\n\r\n<a href=\"https:\/\/lescolademusicsijpc.wordpress.com\/\">https:\/\/lescolademusicsijpc.wordpress.com\/<\/a>\r\n\r\n \r\n\r\n<a href=\"https:\/\/www.facebook.com\/hashtag\/totraval?__eep__=6&amp;__cft__[0]=AZUH3xzAfSvH5h6FjXpFpekWgIx8v5Fhj1a9v4jLzgSZ5ZrbdO6hILJA2W9WijHHkz8kLKrpcyDO_7UR9x7_uOGYeezz4nZvZZri0_FgGoJgfxRE-S3mSoMkKXUw5dDM4C3fzdRSCv6H60d7wMYzGnWM2xYue0Kr1UMrzYWOn2P0zG-LB6zn5tLo4cR2dmj17TI&amp;__tn__=*NK-R\">#TotRaval<\/a><a href=\"https:\/\/www.facebook.com\/hashtag\/escolademusicsijpc?__eep__=6&amp;__cft__[0]=AZUH3xzAfSvH5h6FjXpFpekWgIx8v5Fhj1a9v4jLzgSZ5ZrbdO6hILJA2W9WijHHkz8kLKrpcyDO_7UR9x7_uOGYeezz4nZvZZri0_FgGoJgfxRE-S3mSoMkKXUw5dDM4C3fzdRSCv6H60d7wMYzGnWM2xYue0Kr1UMrzYWOn2P0zG-LB6zn5tLo4cR2dmj17TI&amp;__tn__=*NK-R\">#escolademusicsijpc<\/a><a href=\"https:\/\/www.facebook.com\/hashtag\/classesdemusica?__eep__=6&amp;__cft__[0]=AZUH3xzAfSvH5h6FjXpFpekWgIx8v5Fhj1a9v4jLzgSZ5ZrbdO6hILJA2W9WijHHkz8kLKrpcyDO_7UR9x7_uOGYeezz4nZvZZri0_FgGoJgfxRE-S3mSoMkKXUw5dDM4C3fzdRSCv6H60d7wMYzGnWM2xYue0Kr1UMrzYWOn2P0zG-LB6zn5tLo4cR2dmj17TI&amp;__tn__=*NK-R\">#ClassesdeMusica<\/a><a href=\"https:\/\/www.facebook.com\/hashtag\/barcelona?__eep__=6&amp;__cft__[0]=AZUH3xzAfSvH5h6FjXpFpekWgIx8v5Fhj1a9v4jLzgSZ5ZrbdO6hILJA2W9WijHHkz8kLKrpcyDO_7UR9x7_uOGYeezz4nZvZZri0_FgGoJgfxRE-S3mSoMkKXUw5dDM4C3fzdRSCv6H60d7wMYzGnWM2xYue0Kr1UMrzYWOn2P0zG-LB6zn5tLo4cR2dmj17TI&amp;__tn__=*NK-R\">#barcelona<\/a><a href=\"https:\/\/www.facebook.com\/hashtag\/raval?__eep__=6&amp;__cft__[0]=AZUH3xzAfSvH5h6FjXpFpekWgIx8v5Fhj1a9v4jLzgSZ5ZrbdO6hILJA2W9WijHHkz8kLKrpcyDO_7UR9x7_uOGYeezz4nZvZZri0_FgGoJgfxRE-S3mSoMkKXUw5dDM4C3fzdRSCv6H60d7wMYzGnWM2xYue0Kr1UMrzYWOn2P0zG-LB6zn5tLo4cR2dmj17TI&amp;__tn__=*NK-R\">#Raval<\/a><a href=\"https:\/\/www.facebook.com\/hashtag\/musicabarcelona?__eep__=6&amp;__cft__[0]=AZUH3xzAfSvH5h6FjXpFpekWgIx8v5Fhj1a9v4jLzgSZ5ZrbdO6hILJA2W9WijHHkz8kLKrpcyDO_7UR9x7_uOGYeezz4nZvZZri0_FgGoJgfxRE-S3mSoMkKXUw5dDM4C3fzdRSCv6H60d7wMYzGnWM2xYue0Kr1UMrzYWOn2P0zG-LB6zn5tLo4cR2dmj17TI&amp;__tn__=*NK-R\">#musicabarcelona<\/a><a href=\"https:\/\/www.facebook.com\/hashtag\/installacions?__eep__=6&amp;__cft__[0]=AZUH3xzAfSvH5h6FjXpFpekWgIx8v5Fhj1a9v4jLzgSZ5ZrbdO6hILJA2W9WijHHkz8kLKrpcyDO_7UR9x7_uOGYeezz4nZvZZri0_FgGoJgfxRE-S3mSoMkKXUw5dDM4C3fzdRSCv6H60d7wMYzGnWM2xYue0Kr1UMrzYWOn2P0zG-LB6zn5tLo4cR2dmj17TI&amp;__tn__=*NK-R\">#installacions<\/a>\r\n\r\n\r\n\r\n<a href=\"https:\/\/agora.xtec.cat\/escolademusicsijpc\/wp-content\/uploads\/usu459\/2023\/03\/328256720_607152120797101_1533359211269632578_n.jpg\"><img loading=\"lazy\" decoding=\"async\" class=\"aligncenter size-large wp-image-9469\" src=\"https:\/\/agora.xtec.cat\/escolademusicsijpc\/wp-content\/uploads\/usu459\/2023\/03\/328256720_607152120797101_1533359211269632578_n-1024x683.jpg\" alt=\"\" width=\"1024\" height=\"683\" srcset=\"https:\/\/agora.xtec.cat\/escolademusicsijpc\/wp-content\/uploads\/usu459\/2023\/03\/328256720_607152120797101_1533359211269632578_n-1024x683.jpg 1024w, https:\/\/agora.xtec.cat\/escolademusicsijpc\/wp-content\/uploads\/usu459\/2023\/03\/328256720_607152120797101_1533359211269632578_n-300x200.jpg 300w, https:\/\/agora.xtec.cat\/escolademusicsijpc\/wp-content\/uploads\/usu459\/2023\/03\/328256720_607152120797101_1533359211269632578_n-768x512.jpg 768w, https:\/\/agora.xtec.cat\/escolademusicsijpc\/wp-content\/uploads\/usu459\/2023\/03\/328256720_607152120797101_1533359211269632578_n-1536x1024.jpg 1536w, https:\/\/agora.xtec.cat\/escolademusicsijpc\/wp-content\/uploads\/usu459\/2023\/03\/328256720_607152120797101_1533359211269632578_n.jpg 2048w\" sizes=\"auto, (max-width: 1024px) 100vw, 1024px\" \/><\/a>","protected":false},"excerpt":{"rendered":"<p>La m\u00fasica no \u00e9s cosa d&#8217;un!<\/p>\n<p>Per aix\u00f2 la metodologia de l&#8217;escola se centra en la implicaci\u00f3 de les fam\u00edlies  en l\u2019educaci\u00f3 musical dels fills.<\/p>\n<p>La m\u00fasica \u00e9s per compartir-la .<\/p>\n<p><a href=\"https:\/\/lescolademusicsijpc.wordpress.com\/\">https:\/\/lescolademusicsijpc.wordpress.com\/<\/a><\/p>\n<p><a href=\"https:\/\/www.facebook.com\/hashtag\/totraval?__eep__=6&amp;__cft__[0]=AZUH3xzAfSvH5h6FjXpFpekWgIx8v5Fhj1a9v4jLzgSZ5ZrbdO6hILJA2W9WijHHkz8kLKrpcyDO_7UR9x7_uOGYeezz4nZvZZri0_FgGoJgfxRE-S3mSoMkKXUw5dDM4C3fzdRSCv6H60d7wMYzGnWM2xYue0Kr1UMrzYWOn2P0zG-LB6zn5tLo4cR2dmj17TI&amp;__tn__=*NK-R\">#TotRaval<\/a><a href=\"https:\/\/www.facebook.com\/hashtag\/escolademusicsijpc?__eep__=6&amp;__cft__[0]=AZUH3xzAfSvH5h6FjXpFpekWgIx8v5Fhj1a9v4jLzgSZ5ZrbdO6hILJA2W9WijHHkz8kLKrpcyDO_7UR9x7_uOGYeezz4nZvZZri0_FgGoJgfxRE-S3mSoMkKXUw5dDM4C3fzdRSCv6H60d7wMYzGnWM2xYue0Kr1UMrzYWOn2P0zG-LB6zn5tLo4cR2dmj17TI&amp;__tn__=*NK-R\">#escolademusicsijpc<\/a><a href=\"https:\/\/www.facebook.com\/hashtag\/classesdemusica?__eep__=6&amp;__cft__[0]=AZUH3xzAfSvH5h6FjXpFpekWgIx8v5Fhj1a9v4jLzgSZ5ZrbdO6hILJA2W9WijHHkz8kLKrpcyDO_7UR9x7_uOGYeezz4nZvZZri0_FgGoJgfxRE-S3mSoMkKXUw5dDM4C3fzdRSCv6H60d7wMYzGnWM2xYue0Kr1UMrzYWOn2P0zG-LB6zn5tLo4cR2dmj17TI&amp;__tn__=*NK-R\">#ClassesdeMusica<\/a><a href=\"https:\/\/www.facebook.com\/hashtag\/barcelona?__eep__=6&amp;__cft__[0]=AZUH3xzAfSvH5h6FjXpFpekWgIx8v5Fhj1a9v4jLzgSZ5ZrbdO6hILJA2W9WijHHkz8kLKrpcyDO_7UR9x7_uOGYeezz4nZvZZri0_FgGoJgfxRE-S3mSoMkKXUw5dDM4C3fzdRSCv6H60d7wMYzGnWM2xYue0Kr1UMrzYWOn2P0zG-LB6zn5tLo4cR2dmj17TI&amp;__tn__=*NK-R\">#barcelona<\/a><a href=\"https:\/\/www.facebook.com\/hashtag\/raval?__eep__=6&amp;__cft__[0]=AZUH3xzAfSvH5h6FjXpFpekWgIx8v5Fhj1a9v4jLzgSZ5ZrbdO6hILJA2W9WijHHkz8kLKrpcyDO_7UR9x7_uOGYeezz4nZvZZri0_FgGoJgfxRE-S3mSoMkKXUw5dDM4C3fzdRSCv6H60d7wMYzGnWM2xYue0Kr1UMrzYWOn2P0zG-LB6zn5tLo4cR2dmj17TI&amp;__tn__=*NK-R\">#Raval<\/a><a href=\"https:\/\/www.facebook.com\/hashtag\/musicabarcelona?__eep__=6&amp;__cft__[0]=AZUH3xzAfSvH5h6FjXpFpekWgIx8v5Fhj1a9v4jLzgSZ5ZrbdO6hILJA2W9WijHHkz8kLKrpcyDO_7UR9x7_uOGYeezz4nZvZZri0_FgGoJgfxRE-S3mSoMkKXUw5dDM4C3fzdRSCv6H60d7wMYzGnWM2xYue0Kr1UMrzYWOn2P0zG-LB6zn5tLo4cR2dmj17TI&amp;__tn__=*NK-R\">#musicabarcelona<\/a><a href=\"https:\/\/www.facebook.com\/hashtag\/installacions?__eep__=6&amp;__cft__[0]=AZUH3xzAfSvH5h6FjXpFpekWgIx8v5Fhj1a9v4jLzgSZ5ZrbdO6hILJA2W9WijHHkz8kLKrpcyDO_7UR9x7_uOGYeezz4nZvZZri0_FgGoJgfxRE-S3mSoMkKXUw5dDM4C3fzdRSCv6H60d7wMYzGnWM2xYue0Kr1UMrzYWOn2P0zG-LB6zn5tLo4cR2dmj17TI&amp;__tn__=*NK-R\">#installacions<\/a><\/p>\n<p><a href=\"https:\/\/agora.xtec.cat\/escolademusicsijpc\/wp-content\/uploads\/usu459\/2023\/03\/328256720_607152120797101_1533359211269632578_n.jpg\"><\/a><\/p>\n","protected":false},"author":3,"featured_media":9469,"comment_status":"open","ping_status":"closed","sticky":false,"template":"","format":"standard","meta":{"_bbp_topic_count":0,"_bbp_reply_count":0,"_bbp_total_topic_count":0,"_bbp_total_reply_count":0,"_bbp_voice_count":0,"_bbp_anonymous_reply_count":0,"_bbp_topic_count_hidden":0,"_bbp_reply_count_hidden":0,"_bbp_forum_subforum_count":0,"footnotes":""},"categories":[1,104],"tags":[],"class_list":["post-9468","post","type-post","status-publish","format-standard","has-post-thumbnail","hentry","category-general","category-uncategorized"],"post_mailing_queue_ids":[],"_links":{"self":[{"href":"https:\/\/agora.xtec.cat\/escolademusicsijpc\/wp-json\/wp\/v2\/posts\/9468","targetHints":{"allow":["GET"]}}],"collection":[{"href":"https:\/\/agora.xtec.cat\/escolademusicsijpc\/wp-json\/wp\/v2\/posts"}],"about":[{"href":"https:\/\/agora.xtec.cat\/escolademusicsijpc\/wp-json\/wp\/v2\/types\/post"}],"author":[{"embeddable":true,"href":"https:\/\/agora.xtec.cat\/escolademusicsijpc\/wp-json\/wp\/v2\/users\/3"}],"replies":[{"embeddable":true,"href":"https:\/\/agora.xtec.cat\/escolademusicsijpc\/wp-json\/wp\/v2\/comments?post=9468"}],"version-history":[{"count":1,"href":"https:\/\/agora.xtec.cat\/escolademusicsijpc\/wp-json\/wp\/v2\/posts\/9468\/revisions"}],"predecessor-version":[{"id":9470,"href":"https:\/\/agora.xtec.cat\/escolademusicsijpc\/wp-json\/wp\/v2\/posts\/9468\/revisions\/9470"}],"wp:featuredmedia":[{"embeddable":true,"href":"https:\/\/agora.xtec.cat\/escolademusicsijpc\/wp-json\/wp\/v2\/media\/9469"}],"wp:attachment":[{"href":"https:\/\/agora.xtec.cat\/escolademusicsijpc\/wp-json\/wp\/v2\/media?parent=9468"}],"wp:term":[{"taxonomy":"category","embeddable":true,"href":"https:\/\/agora.xtec.cat\/escolademusicsijpc\/wp-json\/wp\/v2\/categories?post=9468"},{"taxonomy":"post_tag","embeddable":true,"href":"https:\/\/agora.xtec.cat\/escolademusicsijpc\/wp-json\/wp\/v2\/tags?post=9468"}],"curies":[{"name":"wp","href":"https:\/\/api.w.org\/{rel}","templated":true}]}}