{"id":9463,"date":"2023-02-28T18:15:17","date_gmt":"2023-02-28T17:15:17","guid":{"rendered":"https:\/\/agora.xtec.cat\/escolademusicsijpc\/?p=9463"},"modified":"2023-02-28T18:15:50","modified_gmt":"2023-02-28T17:15:50","slug":"musica-al-teu-ritme","status":"publish","type":"post","link":"https:\/\/agora.xtec.cat\/escolademusicsijpc\/general\/musica-al-teu-ritme\/","title":{"rendered":"M\u00fasica al teu ritme!"},"content":{"rendered":"\r\n<p>Que sigui bo per un altre <img loading=\"lazy\" decoding=\"async\" src=\"https:\/\/static.xx.fbcdn.net\/images\/emoji.php\/v9\/tce\/1\/16\/1f600.png\" alt=\"\ud83d\ude00\" width=\"16\" height=\"16\" \/>, no vol dir que sigui bo per a tu <img loading=\"lazy\" decoding=\"async\" src=\"https:\/\/static.xx.fbcdn.net\/images\/emoji.php\/v9\/ta3\/1\/16\/1f61f.png\" alt=\"\ud83d\ude1f\" width=\"16\" height=\"16\" \/>.<\/p>\r\n\r\n\r\n\r\n<p>La flexibilitat i l&#8217;adaptaci\u00f3 <img loading=\"lazy\" decoding=\"async\" src=\"https:\/\/static.xx.fbcdn.net\/images\/emoji.php\/v9\/tce\/1\/16\/1f9d8_1f3fb_200d_2640.png\" alt=\"\ud83e\uddd8\ud83c\udffb\u200d\u2640\ufe0f\" width=\"16\" height=\"16\" \/> a les caracter\u00edstiques pr\u00f2pies de cada alumne \u00e9s la base del nostre projecte educatiu <img loading=\"lazy\" decoding=\"async\" src=\"https:\/\/static.xx.fbcdn.net\/images\/emoji.php\/v9\/t9c\/1\/16\/1f4d4.png\" alt=\"\ud83d\udcd4\" width=\"16\" height=\"16\" \/>.<\/p>\r\n\r\n\r\n\r\n<p>Amb nosaltres aprendr\u00e0s m\u00fasica al teu ritme! <img loading=\"lazy\" decoding=\"async\" src=\"https:\/\/static.xx.fbcdn.net\/images\/emoji.php\/v9\/t30\/1\/16\/1f481_1f3fd_200d_2640.png\" alt=\"\ud83d\udc81\ud83c\udffd\u200d\u2640\ufe0f\" width=\"16\" height=\"16\" \/><\/p>\r\n\r\n\r\n\r\n<p><a href=\"https:\/\/lescolademusicsijpc.wordpress.com\/\">https:\/\/lescolademusicsijpc.wordpress.com\/<\/a><\/p>\r\n<p><a href=\"https:\/\/agora.xtec.cat\/escolademusicsijpc\/wp-content\/uploads\/usu459\/2023\/02\/327971029_1395015347901368_4427559905986605518_n.jpg\"><img loading=\"lazy\" decoding=\"async\" class=\"aligncenter size-large wp-image-9464\" src=\"https:\/\/agora.xtec.cat\/escolademusicsijpc\/wp-content\/uploads\/usu459\/2023\/02\/327971029_1395015347901368_4427559905986605518_n-1024x683.jpg\" alt=\"\" width=\"1024\" height=\"683\" srcset=\"https:\/\/agora.xtec.cat\/escolademusicsijpc\/wp-content\/uploads\/usu459\/2023\/02\/327971029_1395015347901368_4427559905986605518_n-1024x683.jpg 1024w, https:\/\/agora.xtec.cat\/escolademusicsijpc\/wp-content\/uploads\/usu459\/2023\/02\/327971029_1395015347901368_4427559905986605518_n-300x200.jpg 300w, https:\/\/agora.xtec.cat\/escolademusicsijpc\/wp-content\/uploads\/usu459\/2023\/02\/327971029_1395015347901368_4427559905986605518_n-768x512.jpg 768w, https:\/\/agora.xtec.cat\/escolademusicsijpc\/wp-content\/uploads\/usu459\/2023\/02\/327971029_1395015347901368_4427559905986605518_n-1536x1024.jpg 1536w, https:\/\/agora.xtec.cat\/escolademusicsijpc\/wp-content\/uploads\/usu459\/2023\/02\/327971029_1395015347901368_4427559905986605518_n.jpg 2048w\" sizes=\"auto, (max-width: 1024px) 100vw, 1024px\" \/><\/a><\/p>\r\n","protected":false},"excerpt":{"rendered":"<p>Que sigui bo per un altre , no vol dir que sigui bo per a tu .<\/p>\n<p>La flexibilitat i l&#8217;adaptaci\u00f3  a les caracter\u00edstiques pr\u00f2pies de cada alumne \u00e9s la base del nostre projecte educatiu .<\/p>\n<p>Amb nosaltres aprendr\u00e0s m\u00fasica al teu ritme! <\/p>\n<p><a href=\"https:\/\/lescolademusicsijpc.wordpress.com\/\">https:\/\/lescolademusicsijpc.wordpress.com\/<\/a><br \/>\n<a href=\"https:\/\/agora.xtec.cat\/escolademusicsijpc\/wp-content\/uploads\/usu459\/2023\/02\/327971029_1395015347901368_4427559905986605518_n.jpg\"><\/a><\/p>\n","protected":false},"author":3,"featured_media":9464,"comment_status":"open","ping_status":"closed","sticky":false,"template":"","format":"standard","meta":{"_bbp_topic_count":0,"_bbp_reply_count":0,"_bbp_total_topic_count":0,"_bbp_total_reply_count":0,"_bbp_voice_count":0,"_bbp_anonymous_reply_count":0,"_bbp_topic_count_hidden":0,"_bbp_reply_count_hidden":0,"_bbp_forum_subforum_count":0,"footnotes":""},"categories":[1,104],"tags":[],"class_list":["post-9463","post","type-post","status-publish","format-standard","has-post-thumbnail","hentry","category-general","category-uncategorized"],"post_mailing_queue_ids":[],"_links":{"self":[{"href":"https:\/\/agora.xtec.cat\/escolademusicsijpc\/wp-json\/wp\/v2\/posts\/9463","targetHints":{"allow":["GET"]}}],"collection":[{"href":"https:\/\/agora.xtec.cat\/escolademusicsijpc\/wp-json\/wp\/v2\/posts"}],"about":[{"href":"https:\/\/agora.xtec.cat\/escolademusicsijpc\/wp-json\/wp\/v2\/types\/post"}],"author":[{"embeddable":true,"href":"https:\/\/agora.xtec.cat\/escolademusicsijpc\/wp-json\/wp\/v2\/users\/3"}],"replies":[{"embeddable":true,"href":"https:\/\/agora.xtec.cat\/escolademusicsijpc\/wp-json\/wp\/v2\/comments?post=9463"}],"version-history":[{"count":3,"href":"https:\/\/agora.xtec.cat\/escolademusicsijpc\/wp-json\/wp\/v2\/posts\/9463\/revisions"}],"predecessor-version":[{"id":9467,"href":"https:\/\/agora.xtec.cat\/escolademusicsijpc\/wp-json\/wp\/v2\/posts\/9463\/revisions\/9467"}],"wp:featuredmedia":[{"embeddable":true,"href":"https:\/\/agora.xtec.cat\/escolademusicsijpc\/wp-json\/wp\/v2\/media\/9464"}],"wp:attachment":[{"href":"https:\/\/agora.xtec.cat\/escolademusicsijpc\/wp-json\/wp\/v2\/media?parent=9463"}],"wp:term":[{"taxonomy":"category","embeddable":true,"href":"https:\/\/agora.xtec.cat\/escolademusicsijpc\/wp-json\/wp\/v2\/categories?post=9463"},{"taxonomy":"post_tag","embeddable":true,"href":"https:\/\/agora.xtec.cat\/escolademusicsijpc\/wp-json\/wp\/v2\/tags?post=9463"}],"curies":[{"name":"wp","href":"https:\/\/api.w.org\/{rel}","templated":true}]}}