{"id":9446,"date":"2023-02-09T20:11:27","date_gmt":"2023-02-09T19:11:27","guid":{"rendered":"https:\/\/agora.xtec.cat\/escolademusicsijpc\/?p=9446"},"modified":"2023-02-09T20:11:27","modified_gmt":"2023-02-09T19:11:27","slug":"treball-en-equip","status":"publish","type":"post","link":"https:\/\/agora.xtec.cat\/escolademusicsijpc\/general\/treball-en-equip\/","title":{"rendered":"Treball en equip"},"content":{"rendered":"<p>Les nostres classes estan pensades perqu\u00e8 els i les alumnes\u00a0<img loading=\"lazy\" decoding=\"async\" src=\"https:\/\/static.xx.fbcdn.net\/images\/emoji.php\/v9\/tc\/1\/16\/1f466.png\" alt=\"\ud83d\udc66\" width=\"16\" height=\"16\" \/><img loading=\"lazy\" decoding=\"async\" src=\"https:\/\/static.xx.fbcdn.net\/images\/emoji.php\/v9\/tc\/1\/16\/1f466.png\" alt=\"\ud83d\udc66\" width=\"16\" height=\"16\" \/><img loading=\"lazy\" decoding=\"async\" src=\"https:\/\/static.xx.fbcdn.net\/images\/emoji.php\/v9\/tc\/1\/16\/1f466.png\" alt=\"\ud83d\udc66\" width=\"16\" height=\"16\" \/>, treguin tot el seu potencial, n\u2019han de m\u00e9s redu\u00efdes que fomenten la participaci\u00f3 i d\u2019altres amb m\u00e9s participants que afavoreixen la cohesi\u00f3 i el treball en equip.<img loading=\"lazy\" decoding=\"async\" src=\"https:\/\/static.xx.fbcdn.net\/images\/emoji.php\/v9\/t94\/1\/16\/1f469_200d_1f3eb.png\" alt=\"\ud83d\udc69\u200d\ud83c\udfeb\" width=\"16\" height=\"16\" \/><\/p>\n<p>Ara ja saps per qu\u00e8 dediquem tants esfor\u00e7os tant que els nostres grups siguin idonis pels estudiants!\u00a0<img loading=\"lazy\" decoding=\"async\" src=\"https:\/\/static.xx.fbcdn.net\/images\/emoji.php\/v9\/t7b\/1\/16\/1f44d_1f3ff.png\" alt=\"\ud83d\udc4d\ud83c\udfff\" width=\"16\" height=\"16\" \/><img loading=\"lazy\" decoding=\"async\" src=\"https:\/\/static.xx.fbcdn.net\/images\/emoji.php\/v9\/t7b\/1\/16\/1f44d_1f3ff.png\" alt=\"\ud83d\udc4d\ud83c\udfff\" width=\"16\" height=\"16\" \/><\/p>\n<p><a href=\"https:\/\/lescolademusicsijpc.wordpress.com\/\">https:\/\/lescolademusicsijpc.wordpress.com\/<\/a><\/p>\n<div id=\"jp-post-flair\" class=\"sharedaddy sd-like-enabled sd-sharing-enabled\">\n<div class=\"sharedaddy sd-sharing-enabled\"><a href=\"https:\/\/agora.xtec.cat\/escolademusicsijpc\/wp-content\/uploads\/usu459\/2023\/02\/328548876_594556005813167_1235886876380804401_n.jpg\"><img loading=\"lazy\" decoding=\"async\" class=\"aligncenter size-full wp-image-9447\" src=\"https:\/\/agora.xtec.cat\/escolademusicsijpc\/wp-content\/uploads\/usu459\/2023\/02\/328548876_594556005813167_1235886876380804401_n.jpg\" alt=\"\" width=\"600\" height=\"314\" srcset=\"https:\/\/agora.xtec.cat\/escolademusicsijpc\/wp-content\/uploads\/usu459\/2023\/02\/328548876_594556005813167_1235886876380804401_n.jpg 600w, https:\/\/agora.xtec.cat\/escolademusicsijpc\/wp-content\/uploads\/usu459\/2023\/02\/328548876_594556005813167_1235886876380804401_n-300x157.jpg 300w\" sizes=\"auto, (max-width: 600px) 100vw, 600px\" \/><\/a><\/div>\n<\/div>\n","protected":false},"excerpt":{"rendered":"<p>Les nostres classes estan pensades perqu\u00e8 els i les alumnes\u00a0, treguin tot el seu potencial, n\u2019han de m\u00e9s redu\u00efdes que fomenten la participaci\u00f3 i d\u2019altres amb m\u00e9s participants que afavoreixen la cohesi\u00f3 i el treball en equip.<br \/>\nAra ja saps per qu\u00e8 dediquem tants esfor\u00e7os tant&hellip;  <a href=\"https:\/\/agora.xtec.cat\/escolademusicsijpc\/general\/treball-en-equip\/\" title=\"Read Treball en equip\">Llegeix m\u00e9s\u00bb<\/a><\/p>\n","protected":false},"author":3,"featured_media":9447,"comment_status":"open","ping_status":"closed","sticky":false,"template":"","format":"standard","meta":{"_bbp_topic_count":0,"_bbp_reply_count":0,"_bbp_total_topic_count":0,"_bbp_total_reply_count":0,"_bbp_voice_count":0,"_bbp_anonymous_reply_count":0,"_bbp_topic_count_hidden":0,"_bbp_reply_count_hidden":0,"_bbp_forum_subforum_count":0,"footnotes":""},"categories":[1,104],"tags":[],"class_list":["post-9446","post","type-post","status-publish","format-standard","has-post-thumbnail","hentry","category-general","category-uncategorized"],"post_mailing_queue_ids":[],"_links":{"self":[{"href":"https:\/\/agora.xtec.cat\/escolademusicsijpc\/wp-json\/wp\/v2\/posts\/9446","targetHints":{"allow":["GET"]}}],"collection":[{"href":"https:\/\/agora.xtec.cat\/escolademusicsijpc\/wp-json\/wp\/v2\/posts"}],"about":[{"href":"https:\/\/agora.xtec.cat\/escolademusicsijpc\/wp-json\/wp\/v2\/types\/post"}],"author":[{"embeddable":true,"href":"https:\/\/agora.xtec.cat\/escolademusicsijpc\/wp-json\/wp\/v2\/users\/3"}],"replies":[{"embeddable":true,"href":"https:\/\/agora.xtec.cat\/escolademusicsijpc\/wp-json\/wp\/v2\/comments?post=9446"}],"version-history":[{"count":1,"href":"https:\/\/agora.xtec.cat\/escolademusicsijpc\/wp-json\/wp\/v2\/posts\/9446\/revisions"}],"predecessor-version":[{"id":9448,"href":"https:\/\/agora.xtec.cat\/escolademusicsijpc\/wp-json\/wp\/v2\/posts\/9446\/revisions\/9448"}],"wp:featuredmedia":[{"embeddable":true,"href":"https:\/\/agora.xtec.cat\/escolademusicsijpc\/wp-json\/wp\/v2\/media\/9447"}],"wp:attachment":[{"href":"https:\/\/agora.xtec.cat\/escolademusicsijpc\/wp-json\/wp\/v2\/media?parent=9446"}],"wp:term":[{"taxonomy":"category","embeddable":true,"href":"https:\/\/agora.xtec.cat\/escolademusicsijpc\/wp-json\/wp\/v2\/categories?post=9446"},{"taxonomy":"post_tag","embeddable":true,"href":"https:\/\/agora.xtec.cat\/escolademusicsijpc\/wp-json\/wp\/v2\/tags?post=9446"}],"curies":[{"name":"wp","href":"https:\/\/api.w.org\/{rel}","templated":true}]}}